{"id":4749,"date":"2026-05-01T11:49:26","date_gmt":"2026-05-01T14:49:26","guid":{"rendered":"https:\/\/rafaeladigital.com\/noticias\/desafios-laborales-salarios-bajos-sostenibilidad\/"},"modified":"2026-05-01T11:49:26","modified_gmt":"2026-05-01T14:49:26","slug":"desafios-laborales-salarios-bajos-sostenibilidad","status":"publish","type":"post","link":"https:\/\/rafaeladigital.com\/noticias\/desafios-laborales-salarios-bajos-sostenibilidad\/","title":{"rendered":"\u00abDesaf\u00edos laborales: salarios bajos y sostenibilidad en el trabajo\u00bb"},"content":{"rendered":"<h1 id=\"desaf\u00edos-laborales-salarios-bajos-y-sostenibilidad-en-el-trabajo\">Desaf\u00edos Laborales: Salarios Bajos y Sostenibilidad en el Trabajo<\/h1>\n<p>La realidad del mercado laboral contempor\u00e1neo presenta un panorama complejo donde tener empleo no siempre garantiza vivir dignamente. Casi 300 millones de trabajadores a nivel mundial viven en condiciones de pobreza extrema, ganando menos de 3 d\u00f3lares diarios (1). Este fen\u00f3meno, lejos de ser un problema aislado, representa uno de los mayores desaf\u00edos para la sostenibilidad del trabajo en el siglo XXI.<\/p>\n<h2 id=\"el-impacto-de-los-salarios-bajos-en-la-salud-mental-y-productividad\">El Impacto de los Salarios Bajos en la Salud Mental y Productividad<\/h2>\n<p>Los <strong>salarios bajos<\/strong> constituyen una de las prioridades principales para los trabajadores, pero cuando estos no alcanzan a cubrir necesidades b\u00e1sicas, generan consecuencias devastadoras (2). Seg\u00fan especialistas en psicolog\u00eda laboral, la precariedad salarial produce estr\u00e9s cr\u00f3nico y trastornos del sue\u00f1o que impactan directamente en la capacidad de concentraci\u00f3n y desempe\u00f1o (2).<\/p>\n<p>La falta de motivaci\u00f3n derivada de ingresos insuficientes no solo afecta al trabajador individualmente, sino que genera <strong>alta rotaci\u00f3n laboral<\/strong> en las organizaciones y reduce significativamente la productividad empresarial (2). Cuando los colaboradores perciben que su remuneraci\u00f3n no es proporcional al esfuerzo realizado, se produce un fen\u00f3meno de comparaci\u00f3n social que deteriora el ambiente laboral.<\/p>\n<h2 id=\"dimensi\u00f3n-global-del-problema\">Dimensi\u00f3n Global del Problema<\/h2>\n<p>A nivel mundial, la situaci\u00f3n presenta variaciones regionales significativas. En el \u00c1frica subsahariana, casi nueve de cada diez trabajadores tienen empleo informal, con m\u00e1s de la mitad viviendo por debajo del umbral de pobreza moderada (1). En Am\u00e9rica Latina y el Caribe, aunque el empleo aument\u00f3 en 4,4 millones entre 2024 y 2025, el 51,1% de todo el empleo en 2025 era informal (1).<\/p>\n<p>La <strong>brecha territorial<\/strong> tambi\u00e9n es evidente en econom\u00edas desarrolladas. En Espa\u00f1a, por ejemplo, el 85,26% de los trabajadores gana menos de 42.000 euros brutos anuales, evidenciando una concentraci\u00f3n del empleo en rangos salariales bajos y medios-bajos (6).<\/p>\n<h2 id=\"retos-emergentes-del-mercado-laboral\">Retos Emergentes del Mercado Laboral<\/h2>\n<p>M\u00e1s all\u00e1 de los salarios bajos, el mercado laboral enfrenta desaf\u00edos multidimensionales. La disparidad entre habilidades disponibles y demandadas se ha intensificado con los avances en inteligencia artificial y automatizaci\u00f3n (5). Simult\u00e1neamente, fuerzas econ\u00f3micas como la inflaci\u00f3n y las pol\u00edticas restrictivas de inmigraci\u00f3n generan incertidumbre adicional (5).<\/p>\n<p>El descontento de los trabajadores alcanza m\u00e1ximos hist\u00f3ricos: solo la mitad de los empleados estadounidenses sienten que est\u00e1n prosperando, con demandas crecientes de <strong>equilibrio entre trabajo y vida personal<\/strong> (5). Este fen\u00f3meno refleja una crisis m\u00e1s profunda de sostenibilidad laboral.<\/p>\n<h2 id=\"hacia-un-trabajo-decente\">Hacia un Trabajo Decente<\/h2>\n<p>Las Naciones Unidas definen trabajo decente como aquel que proporciona ingresos dignos, seguridad en el lugar de trabajo, protecci\u00f3n social para las familias y perspectivas de desarrollo personal (3). Lograr esta realidad requiere reformas profundas en los sistemas financieros y pol\u00edticas laborales.<\/p>\n<p>La creaci\u00f3n de empleos de calidad sigue siendo un gran desaf\u00edo para casi todas las econom\u00edas (3). Se prev\u00e9 que alrededor de 2.100 millones de personas trabajar\u00e1n en el sector informal en 2026, con acceso limitado a protecci\u00f3n social y derechos laborales (1).<\/p>\n<h2 id=\"preguntas-frecuentes-faq\">Preguntas Frecuentes (FAQ)<\/h2>\n<p><strong>\u00bfCu\u00e1ntos trabajadores viven en pobreza extrema?<\/strong><br \/>Casi 300 millones de trabajadores a nivel mundial viven en condiciones de pobreza extrema, ganando menos de 3 d\u00f3lares diarios (1).<\/p>\n<p><strong>\u00bfCu\u00e1les son los efectos mentales de los salarios bajos?<\/strong><br \/>Los salarios bajos generan estr\u00e9s cr\u00f3nico, trastornos del sue\u00f1o, insomnio y falta de motivaci\u00f3n que impactan la productividad laboral (2).<\/p>\n<p><strong>\u00bfQu\u00e9 porcentaje del empleo en Am\u00e9rica Latina es informal?<\/strong><br \/>En 2025, el 51,1% de todo el empleo en Am\u00e9rica Latina y el Caribe era informal (1).<\/p>\n<p><strong>\u00bfC\u00f3mo afectan los salarios bajos a las organizaciones?<\/strong><br \/>Producen alta rotaci\u00f3n laboral, reducci\u00f3n de productividad, ausentismo y presentismo laboral (2).<\/p>\n<p><strong>\u00bfQu\u00e9 es trabajo decente seg\u00fan la ONU?<\/strong><br \/>Es empleo que proporciona ingresos dignos, seguridad laboral, protecci\u00f3n social y oportunidades de desarrollo personal (3).<\/p>\n<h2 id=\"palabras-clave-relacionadas\">Palabras Clave Relacionadas<\/h2>\n<p>Explora m\u00e1s contenido sobre estos temas:<\/p>\n<ul>\n<li><a href=\"https:\/\/rafaeladigital.com\/noticias\/?s=salarios+bajos\">Salarios Bajos<\/a><\/li>\n<li><a href=\"https:\/\/rafaeladigital.com\/noticias\/?s=sostenibilidad+laboral\">Sostenibilidad Laboral<\/a><\/li>\n<li><a href=\"https:\/\/rafaeladigital.com\/noticias\/?s=mercado+laboral\">Mercado Laboral<\/a><\/li>\n<li><a href=\"https:\/\/rafaeladigital.com\/noticias\/?s=trabajo+decente\">Trabajo Decente<\/a><\/li>\n<li><a href=\"https:\/\/rafaeladigital.com\/noticias\/?s=informalidad+laboral\">Informalidad Laboral<\/a><\/li>\n<\/ul>\n<h2 id=\"puntos-destacados\">Puntos Destacados<\/h2>\n<p>La <strong>sostenibilidad del trabajo<\/strong> depende de garantizar salarios dignos que cubran necesidades b\u00e1sicas. Los salarios bajos generan ciclos de pobreza, deterioro mental y rotaci\u00f3n laboral que afectan tanto a trabajadores como a organizaciones. A nivel mundial, casi 300 millones de personas trabajan en condiciones de pobreza extrema, mientras que m\u00e1s de 2.100 millones se encuentran en empleos informales sin protecci\u00f3n social. La creaci\u00f3n de oportunidades de trabajo decente requiere reformas estructurales en pol\u00edticas financieras y laborales, especialmente en regiones donde la informalidad supera el 50% del empleo. Abordar estos desaf\u00edos es fundamental para alcanzar un modelo laboral sostenible que beneficie a trabajadores, empresas y sociedades.<\/p>\n<hr>\n<h2 id=\"fuentes-consultadas\">Fuentes Consultadas<\/h2>\n<p>(1) <a href=\"https:\/\/news.un.org\/es\/story\/2026\/01\/1541005\" target=\"_blank\" rel=\"noopener\">Naciones Unidas &#8211; Tener un empleo no significa ganarse la vida<\/a><\/p>\n<p>(2) <a href=\"https:\/\/www.eleconomista.com.mx\/capital-humano\/bajos-salarios-ruta-segura-desmotivacion-danos-salud-mental-20250521-759917.html\" target=\"_blank\" rel=\"noopener\">El Economista &#8211; Bajos salarios, una ruta segura hacia la desmotivaci\u00f3n y da\u00f1os a la salud mental<\/a><\/p>\n<p>(3) <a href=\"https:\/\/www.un.org\/sustainabledevelopment\/es\/economic-growth\/\" target=\"_blank\" rel=\"noopener\">Naciones Unidas &#8211; Crecimiento econ\u00f3mico y Desarrollo Sostenible<\/a><\/p>\n<p>(5) <a href=\"https:\/\/forbes.es\/liderazgo\/646631\/los-mayores-problemas-que-enfrenta-el-mercado-laboral-actual-y-como-superarlos\/\" target=\"_blank\" rel=\"noopener\">Forbes &#8211; Los mayores problemas que enfrenta el mercado laboral actual<\/a><\/p>\n<p>(6) <a href=\"https:\/\/es.wikipedia.org\/wiki\/Mercado_de_trabajo_en_Espa%C3%B1a\" target=\"_blank\" rel=\"noopener\">Wikipedia &#8211; Mercado de trabajo en Espa\u00f1a<\/a><\/p>\n<hr>\n<p><em>Tanto el texto como el contenido de esta publicaci\u00f3n han sido generados con la asistencia de Inteligencia Artificial. Al tratarse de una tecnolog\u00eda en desarrollo, el art\u00edculo podr\u00eda presentar imprecisiones menores.<\/em><\/p>\n","protected":false},"excerpt":{"rendered":"<p>Desaf\u00edos Laborales: Salarios Bajos y Sostenibilidad en el Trabajo La realidad del mercado laboral contempor\u00e1neo<\/p>\n","protected":false},"author":1,"featured_media":4748,"comment_status":"","ping_status":"","sticky":false,"template":"","format":"standard","meta":{"footnotes":""},"categories":[19],"tags":[],"class_list":["post-4749","post","type-post","status-publish","format-standard","has-post-thumbnail","hentry","category-sociedad"],"_links":{"self":[{"href":"https:\/\/rafaeladigital.com\/noticias\/wp-json\/wp\/v2\/posts\/4749","targetHints":{"allow":["GET"]}}],"collection":[{"href":"https:\/\/rafaeladigital.com\/noticias\/wp-json\/wp\/v2\/posts"}],"about":[{"href":"https:\/\/rafaeladigital.com\/noticias\/wp-json\/wp\/v2\/types\/post"}],"author":[{"embeddable":true,"href":"https:\/\/rafaeladigital.com\/noticias\/wp-json\/wp\/v2\/users\/1"}],"replies":[{"embeddable":true,"href":"https:\/\/rafaeladigital.com\/noticias\/wp-json\/wp\/v2\/comments?post=4749"}],"version-history":[{"count":0,"href":"https:\/\/rafaeladigital.com\/noticias\/wp-json\/wp\/v2\/posts\/4749\/revisions"}],"wp:featuredmedia":[{"embeddable":true,"href":"https:\/\/rafaeladigital.com\/noticias\/wp-json\/wp\/v2\/media\/4748"}],"wp:attachment":[{"href":"https:\/\/rafaeladigital.com\/noticias\/wp-json\/wp\/v2\/media?parent=4749"}],"wp:term":[{"taxonomy":"category","embeddable":true,"href":"https:\/\/rafaeladigital.com\/noticias\/wp-json\/wp\/v2\/categories?post=4749"},{"taxonomy":"post_tag","embeddable":true,"href":"https:\/\/rafaeladigital.com\/noticias\/wp-json\/wp\/v2\/tags?post=4749"}],"curies":[{"name":"wp","href":"https:\/\/api.w.org\/{rel}","templated":true}]}}