{"id":4752,"date":"2026-05-01T12:12:15","date_gmt":"2026-05-01T15:12:15","guid":{"rendered":"https:\/\/rafaeladigital.com\/noticias\/milei-avion-kirchner-simbolo-cambio\/"},"modified":"2026-05-01T12:12:15","modified_gmt":"2026-05-01T15:12:15","slug":"milei-avion-kirchner-simbolo-cambio","status":"publish","type":"post","link":"https:\/\/rafaeladigital.com\/noticias\/milei-avion-kirchner-simbolo-cambio\/","title":{"rendered":"Milei y el avi\u00f3n Kirchner: \u00bfun s\u00edmbolo de cambio?"},"content":{"rendered":"<h1 id=\"milei-y-el-avi\u00f3n-kirchner-\u00bfun-s\u00edmbolo-de-cambio\">Milei y el avi\u00f3n Kirchner: \u00bfun s\u00edmbolo de cambio?<\/h1>\n<p>En un episodio que r\u00e1pidamente se viraliz\u00f3 en las redes sociales, el presidente <strong>Javier Milei<\/strong> pos\u00f3 sonriente frente a un avi\u00f3n norteamericano bautizado con el nombre \u00abKirchner\u00bb. Este hecho, ocurrido durante un viaje a Mar del Plata, desat\u00f3 un torbellino de memes, debates y opiniones divididas, posicionando al mandatario como tendencia en plataformas como X (antes Twitter). \u00bfEs esto un gui\u00f1o ir\u00f3nico al pasado peronista o un simple azar que resalta el contraste con su gobierno liberal? (1)<\/p>\n<p>El contexto del suceso es clave para entender su impacto. Milei, conocido por su estilo disruptivo y su aversi\u00f3n declarada al kirchnerismo, visit\u00f3 la base a\u00e9rea de Mar del Plata en el marco de actividades relacionadas con las <strong>Fuerzas Armadas Argentinas<\/strong>. All\u00ed, se fotografi\u00f3 junto a un caza norteamericano, un modelo cl\u00e1sico de la aviaci\u00f3n militar estadounidense, que lleva el nombre \u00abKirchner\u00bb grabado en su fuselaje. La imagen, compartida por el propio presidente, muestra a Milei con su caracter\u00edstica energ\u00eda, apuntando al avi\u00f3n como si celebrara una victoria simb\u00f3lica. En cuesti\u00f3n de horas, el post acumul\u00f3 miles de interacciones, con usuarios celebrando el \u00abtroleo supremo\u00bb o cuestionando si se trataba de una provocaci\u00f3n intencional.(1)(2)<\/p>\n<p>Para los seguidores de <a href=\"https:\/\/rafaeladigital.com\/noticias\/?s=milei\">Milei<\/a>, esta foto representa un <strong>s\u00edmbolo de cambio<\/strong> profundo en Argentina. El kirchnerismo, asociado durante a\u00f1os con el avi\u00f3n presidencial Tango 01 \u2013un Embraer criticado por su lujo y costos\u2013, evoca para muchos excesos y corrupci\u00f3n. Milei, en campa\u00f1a y ya en el poder, prometi\u00f3 austeridad y desmantelar ese legado. Posarse frente a un \u00abKirchner\u00bb militar, proveniente de EE.UU. y no de la flota presidencial cuestionada, se interpreta como una met\u00e1fora: el fin de una era opulenta y el inicio de una defensa nacional m\u00e1s pragm\u00e1tica. Redes sociales explotaron con frases como \u00abMilei reciclando el nombre Kirchner para volar alto\u00bb o \u00abEl le\u00f3n doma al drag\u00f3n kirchnerista\u00bb.(1)<\/p>\n<p>Sin embargo, no todos lo ven as\u00ed. Cr\u00edticos del gobierno, especialmente desde el peronismo, lo tildaron de \u00abburla infantil\u00bb o \u00abfalta de respeto a la historia\u00bb. El nombre del avi\u00f3n, explican fuentes militares, es un homenaje a un aviador argentino fallecido, no una referencia directa a N\u00e9stor o Cristina Kirchner. A\u00fan as\u00ed, la coincidencia nominal gener\u00f3 un debate sem\u00e1ntico sobre <strong>legado pol\u00edtico<\/strong> y memoria colectiva. En un pa\u00eds polarizado, eventos como este amplifican la narrativa de Milei como agente de transformaci\u00f3n, alineada con su discurso antiestatista.(2)<\/p>\n<p>Este incidente resalta c\u00f3mo las redes sociales convierten an\u00e9cdotas en fen\u00f3menos pol\u00edticos. En la era digital, una foto puede simbolizar m\u00e1s que un viaje rutinario: encapsula el choque entre el pasado kirchnerista y el presente libertario. Milei, maestro del marketing viral, sabe que estas acciones fortalecen su imagen de l\u00edder impredecible y aut\u00e9ntico, atrayendo a j\u00f3venes y desencantados con la pol\u00edtica tradicional.<\/p>\n<h2 id=\"preguntas-frecuentes-faq\">Preguntas Frecuentes (FAQ)<\/h2>\n<p><strong>\u00bfQu\u00e9 avi\u00f3n es el \u00abKirchner\u00bb con el que se fotografi\u00f3 Milei?<\/strong><br \/>Es un caza norteamericano de las Fuerzas Armadas Argentinas, nombrado en honor a un aviador, no relacionado directamente con la familia Kirchner.(1)<\/p>\n<p><strong>\u00bfPor qu\u00e9 se volvi\u00f3 tendencia la foto de Milei con el avi\u00f3n Kirchner?<\/strong><br \/>La imagen se viraliz\u00f3 por el contraste ir\u00f3nico entre el presidente anti-kirchnerista y el nombre del avi\u00f3n, generando memes y debates en redes.(2)<\/p>\n<p><strong>\u00bfEs esto un s\u00edmbolo real de cambio en el gobierno de Milei?<\/strong><br \/>Para sus partidarios, s\u00ed: representa el fin del lujo kirchnerista como el Tango 01. Cr\u00edticos lo ven como una provocaci\u00f3n sin sustancia.(1)<\/p>\n<p><strong>\u00bfD\u00f3nde ocurri\u00f3 el hecho?<\/strong><br \/>En Mar del Plata, durante una visita a una base a\u00e9rea para actividades militares.(2)<\/p>\n<p><strong>\u00bfQu\u00e9 rol juegan las Fuerzas Armadas en este contexto?<\/strong><br \/>Apoyan la narrativa de modernizaci\u00f3n, con aviones como este simbolizando alianzas con EE.UU. en lugar de excesos pol\u00edticos pasados.(1)<\/p>\n<h2 id=\"conclusiones-clave\">Conclusiones clave<\/h2>\n<ul>\n<li>La foto de <strong>Milei<\/strong> con el avi\u00f3n \u00abKirchner\u00bb ilustra el poder de los s\u00edmbolos en la pol\u00edtica argentina actual.<\/li>\n<li>Viralidad en redes refuerza la imagen de cambio radical contra el kirchnerismo.<\/li>\n<li>Debate abierto: \u00bfiron\u00eda genuina o casualidad amplificada?<\/li>\n<li>Las <a href=\"https:\/\/rafaeladigital.com\/noticias\/?s=fuerzas+armadas\">Fuerzas Armadas Argentinas<\/a> ganan visibilidad en narrativas de austeridad.<\/li>\n<li>Eventos como este consolidan el estilo disruptivo de Milei en un panorama polarizado.<\/li>\n<\/ul>\n<p><strong>Palabras clave:<\/strong><br \/><a href=\"https:\/\/rafaeladigital.com\/noticias\/?s=javier+milei\">Javier Milei<\/a> | <a href=\"https:\/\/rafaeladigital.com\/noticias\/?s=avion+kirchner\">Avi\u00f3n Kirchner<\/a> | <a href=\"https:\/\/rafaeladigital.com\/noticias\/?s=mar+del+plata\">Mar del Plata<\/a> | <a href=\"https:\/\/rafaeladigital.com\/noticias\/?s=redes+sociales\">Redes sociales<\/a> | <a href=\"https:\/\/rafaeladigital.com\/noticias\/?s=cambio+politico\">Cambio pol\u00edtico<\/a><\/p>\n<p><strong>Fuentes:<\/strong><br \/>1 &#8211; <a href=\"https:\/\/www.perfil.com\/noticias\/politica\/milei-se-fotografio-con-un-avion-norteamericano-llamado-kirchner-y-se-volvio-tendencia-en-redes.phtml\" target=\"_blank\" rel=\"noopener\">Perfil<\/a><br \/>2 &#8211; <a href=\"https:\/\/www.9dejuliotv.com.ar\/articulo\/milei-se-fotografio-con-un-avion-norteamericano-llamado-kirchner-y-se-volvio-tendencia-en-redes.php\" target=\"_blank\" rel=\"noopener\">9 de Julio TV<\/a><\/p>\n<p>El texto y la imagen de esta publicaci\u00f3n han sido elaborados con la asistencia de Inteligencia Artificial. Al tratarse de una tecnolog\u00eda en constante evoluci\u00f3n, el contenido podr\u00eda presentar ligeras inexactitudes y la imagen, de creaci\u00f3n \u00fanica y libre de derechos, mostrar alguna anomal\u00eda visual.<\/p>\n<p><em>(Palabras totales: 712)<\/em><\/p>\n","protected":false},"excerpt":{"rendered":"<p>Milei y el avi\u00f3n Kirchner: \u00bfun s\u00edmbolo de cambio? En un episodio que r\u00e1pidamente se<\/p>\n","protected":false},"author":1,"featured_media":4751,"comment_status":"","ping_status":"","sticky":false,"template":"","format":"standard","meta":{"footnotes":""},"categories":[20],"tags":[],"class_list":["post-4752","post","type-post","status-publish","format-standard","has-post-thumbnail","hentry","category-argentina"],"_links":{"self":[{"href":"https:\/\/rafaeladigital.com\/noticias\/wp-json\/wp\/v2\/posts\/4752","targetHints":{"allow":["GET"]}}],"collection":[{"href":"https:\/\/rafaeladigital.com\/noticias\/wp-json\/wp\/v2\/posts"}],"about":[{"href":"https:\/\/rafaeladigital.com\/noticias\/wp-json\/wp\/v2\/types\/post"}],"author":[{"embeddable":true,"href":"https:\/\/rafaeladigital.com\/noticias\/wp-json\/wp\/v2\/users\/1"}],"replies":[{"embeddable":true,"href":"https:\/\/rafaeladigital.com\/noticias\/wp-json\/wp\/v2\/comments?post=4752"}],"version-history":[{"count":0,"href":"https:\/\/rafaeladigital.com\/noticias\/wp-json\/wp\/v2\/posts\/4752\/revisions"}],"wp:featuredmedia":[{"embeddable":true,"href":"https:\/\/rafaeladigital.com\/noticias\/wp-json\/wp\/v2\/media\/4751"}],"wp:attachment":[{"href":"https:\/\/rafaeladigital.com\/noticias\/wp-json\/wp\/v2\/media?parent=4752"}],"wp:term":[{"taxonomy":"category","embeddable":true,"href":"https:\/\/rafaeladigital.com\/noticias\/wp-json\/wp\/v2\/categories?post=4752"},{"taxonomy":"post_tag","embeddable":true,"href":"https:\/\/rafaeladigital.com\/noticias\/wp-json\/wp\/v2\/tags?post=4752"}],"curies":[{"name":"wp","href":"https:\/\/api.w.org\/{rel}","templated":true}]}}