{"id":4761,"date":"2026-05-01T12:42:19","date_gmt":"2026-05-01T15:42:19","guid":{"rendered":"https:\/\/rafaeladigital.com\/noticias\/franco-colapinto-nuevo-auto-alpine-miami\/"},"modified":"2026-05-01T12:42:19","modified_gmt":"2026-05-01T15:42:19","slug":"franco-colapinto-nuevo-auto-alpine-miami","status":"publish","type":"post","link":"https:\/\/rafaeladigital.com\/noticias\/franco-colapinto-nuevo-auto-alpine-miami\/","title":{"rendered":"\u00abFranco Colapinto y el Nuevo Auto de Alpine en Miami\u00bb"},"content":{"rendered":"<h1 id=\"franco-colapinto-y-el-nuevo-auto-de-alpine-en-miami\">Franco Colapinto y el Nuevo Auto de Alpine en Miami<\/h1>\n<p><strong>Franco Colapinto<\/strong> llega al <strong>GP de Miami<\/strong> con un <strong>Alpine A526<\/strong> renovado, equipado con un <strong>nuevo chasis<\/strong> y un paquete de <strong>mejoras aerodin\u00e1micas<\/strong> que prometen elevar el rendimiento del piloto argentino en la <strong>F\u00f3rmula 1 2026<\/strong>. Este fin de semana, la cuarta fecha del campeonato, marca el regreso de la categor\u00eda tras un mes de parate por cancelaciones en Bar\u00e9in y Arabia Saudita debido al conflicto en Oriente Medio, permitiendo a <strong>Alpine<\/strong> implementar cambios clave (1)(2).<\/p>\n<p>El equipo franc\u00e9s, con base en Enstone, aprovecha esta pausa para dar un salto cualitativo. <strong>Colapinto<\/strong>, quien brill\u00f3 en una exhibici\u00f3n reciente en Buenos Aires, debutar\u00e1 en el <strong>Aut\u00f3dromo Internacional de Miami<\/strong> con un monoplaza optimizado. El highlight es el <strong>cambio de chasis<\/strong> exclusivo para el argentino, reemplazando el utilizado desde pretemporada junto a <strong>Pierre Gasly<\/strong>. Esta pieza central del auto no genera penalizaciones reglamentarias, aunque impacta el presupuesto del equipo, y busca mayor consistencia en tandas largas y clasificaciones (1)(5).<\/p>\n<p>Las <strong>mejoras aerodin\u00e1micas<\/strong> forman un paquete integral que abarca desde la trompa hasta la cola. En la zona frontal, se redise\u00f1\u00f3 la salida del conducto del tambor delantero para optimizar el flujo de aire alrededor de la rueda, mejorando su comportamiento downstream. Los soportes de la c\u00e1mara del morro se reperfilan para gestionar mejor el flujo y potenciar la eficiencia general. En la parte trasera, se afinaron los brazos de suspensi\u00f3n para un control preciso del aire, sumando estabilidad, y se introdujo una nueva geometr\u00eda en la estructura de impacto que aumenta la carga aerodin\u00e1mica de forma localizada, adaptable a distintas pistas (2).<\/p>\n<p>Un cambio estrella es el <strong>aler\u00f3n delantero<\/strong> actualizado, que resuelve la inestabilidad cr\u00f3nica del A526, causante de problemas para ambos pilotos. Adem\u00e1s, hay un <strong>aler\u00f3n trasero completamente nuevo<\/strong>, adelantado una carrera: solo una unidad disponible, que <strong>Gasly<\/strong> probar\u00e1 en las pr\u00e1cticas del viernes, beneficiando indirectamente a <strong>Colapinto<\/strong> con datos valiosos (1)(2). Estas actualizaciones, testeadas en el filming day de Silverstone, representan el primer paquete de la temporada, con m\u00e1s por venir en Canad\u00e1 y M\u00f3naco para afinar un coche m\u00e1s competitivo en la segunda mitad del campeonato (1).<\/p>\n<p><strong>Franco Colapinto<\/strong>, de 22 a\u00f1os y ex Williams, muestra entusiasmo con el <strong>motor Mercedes-Benz<\/strong>, que supera al Renault anterior, aunque a\u00fan se busca m\u00e1s potencia y menos subviraje en curvas r\u00e1pidas. Su talento en largadas y finales ser\u00e1 clave en Miami, circuito donde la eficiencia aerodin\u00e1mica reina (5). Adem\u00e1s, el auto luce una <strong>decoraci\u00f3n especial<\/strong> con el regreso de <strong>Mercado Libre<\/strong> como sponsor, a\u00f1adiendo un toque est\u00e9tico argentino (3).<\/p>\n<p><a href=\"https:\/\/rafaeladigital.com\/noticias\/?s=franco+colapinto\">Franco Colapinto<\/a> encarna el orgullo nacional en la <strong>F1<\/strong>, y estas novedades posicionan a <a href=\"https:\/\/rafaeladigital.com\/noticias\/?s=alpine\">Alpine<\/a> para escalar en el grid. El GP inicia el 1 de mayo, con carrera el domingo 3 desde las 17 horas de Argentina.<\/p>\n<h2 id=\"preguntas-frecuentes-faq\">Preguntas Frecuentes (FAQ)<\/h2>\n<p><strong>\u00bfCu\u00e1les son las principales mejoras en el Alpine de Franco Colapinto para Miami?<\/strong><br \/>Nuevo chasis, redise\u00f1o frontal del conducto de tambor, soportes de morro optimizados, suspensi\u00f3n trasera afinada, estructura de impacto con mayor carga y aler\u00f3n delantero actualizado (2).<\/p>\n<p><strong>\u00bfPor qu\u00e9 Alpine cambi\u00f3 el chasis solo para Colapinto?<\/strong><br \/>Forma parte del programa de desarrollo; el anterior se us\u00f3 en las primeras tres fechas y pretemporada, buscando mejor rendimiento sin penalizaciones (1).<\/p>\n<p><strong>\u00bfGasly usar\u00e1 el nuevo aler\u00f3n trasero en Miami?<\/strong><br \/>S\u00ed, solo hay una unidad disponible, por lo que lo probar\u00e1 en la pr\u00e1ctica libre del viernes (2).<\/p>\n<p><strong>\u00bfHabr\u00e1 m\u00e1s actualizaciones para Alpine este a\u00f1o?<\/strong><br \/>S\u00ed, planean mejoras en los GPs de Canad\u00e1 y M\u00f3naco para la segunda parte de la temporada (1).<\/p>\n<p><strong>\u00bfQu\u00e9 caus\u00f3 el parate de un mes en la F1?<\/strong><br \/>Cancelaciones de Bar\u00e9in y Arabia Saudita por conflicto b\u00e9lico en Oriente Medio (1)(5).<\/p>\n<h2 id=\"puntos-destacados\">Puntos Destacados<\/h2>\n<ul>\n<li><strong>Nuevo chasis y aero integral<\/strong> impulsan estabilidad y eficiencia en el A526 de <strong>Colapinto<\/strong>.<\/li>\n<li>Primer paquete de updates de <strong>Alpine<\/strong>, con foco en curvas r\u00e1pidas y tandas largas.<\/li>\n<li><strong>Miami<\/strong> como prueba clave post-p\u00e1rate, con decoraci\u00f3n especial de <strong>Mercado Libre<\/strong>.<\/li>\n<li>Potencial salto en rendimiento para competir en la segunda mitad de 2026.<\/li>\n<\/ul>\n<p><strong>Fuentes:<\/strong><br \/>1 &#8211; <a href=\"https:\/\/www.eldestapeweb.com\/deportes\/alpine-apuesta-fuerte-cambios-clave-en-el-auto-de-colapinto-para-miami-202643093529\" target=\"_blank\" rel=\"noopener\">El Destape Web<\/a><br \/>2 &#8211; <a href=\"https:\/\/tn.com.ar\/deportes\/formula-1\/2026\/05\/01\/alpine-dio-a-conocer-las-mejores-que-presentara-el-auto-de-franco-colapinto-en-el-gp-de-miami-de-la-f1\/\" target=\"_blank\" rel=\"noopener\">TN<\/a><br \/>3 &#8211; <a href=\"https:\/\/www.losandes.com.ar\/deportes\/formula-1-franco-colapinto-tendra-un-diseno-especial-su-alpine-el-gp-miami-n5989423\" target=\"_blank\" rel=\"noopener\">Los Andes<\/a><br \/>5 &#8211; <a href=\"https:\/\/www.eldestapeweb.com\/deportes\/formula-1\/alpine-aprovecha-el-parate-de-un-mes-para-trabajar-en-el-auto-de-colapinto-2026488014\" target=\"_blank\" rel=\"noopener\">El Destape Web<\/a><\/p>\n<p><strong>Palabras clave:<\/strong> <a href=\"https:\/\/rafaeladigital.com\/noticias\/?s=franco+colapinto\">Franco Colapinto<\/a>, <a href=\"https:\/\/rafaeladigital.com\/noticias\/?s=alpine\">Alpine<\/a>, <a href=\"https:\/\/rafaeladigital.com\/noticias\/?s=gp+de+miami\">GP de Miami<\/a>, <a href=\"https:\/\/rafaeladigital.com\/noticias\/?s=f\u00f3rmula+1\">F\u00f3rmula 1<\/a>, <a href=\"https:\/\/rafaeladigital.com\/noticias\/?s=mejoras+aerodin\u00e1micas\">mejoras aerodin\u00e1micas<\/a>.<\/p>\n<p>El texto y la imagen de esta publicaci\u00f3n han sido elaborados con la asistencia de Inteligencia Artificial. Al tratarse de una tecnolog\u00eda en constante evoluci\u00f3n, el contenido podr\u00eda presentar ligeras inexactitudes y la imagen, de creaci\u00f3n \u00fanica y libre de derechos, mostrar alguna anomal\u00eda visual.<\/p>\n","protected":false},"excerpt":{"rendered":"<p>Franco Colapinto y el Nuevo Auto de Alpine en Miami Franco Colapinto llega al GP<\/p>\n","protected":false},"author":1,"featured_media":4760,"comment_status":"","ping_status":"","sticky":false,"template":"","format":"standard","meta":{"footnotes":""},"categories":[13],"tags":[],"class_list":["post-4761","post","type-post","status-publish","format-standard","has-post-thumbnail","hentry","category-deporte"],"_links":{"self":[{"href":"https:\/\/rafaeladigital.com\/noticias\/wp-json\/wp\/v2\/posts\/4761","targetHints":{"allow":["GET"]}}],"collection":[{"href":"https:\/\/rafaeladigital.com\/noticias\/wp-json\/wp\/v2\/posts"}],"about":[{"href":"https:\/\/rafaeladigital.com\/noticias\/wp-json\/wp\/v2\/types\/post"}],"author":[{"embeddable":true,"href":"https:\/\/rafaeladigital.com\/noticias\/wp-json\/wp\/v2\/users\/1"}],"replies":[{"embeddable":true,"href":"https:\/\/rafaeladigital.com\/noticias\/wp-json\/wp\/v2\/comments?post=4761"}],"version-history":[{"count":0,"href":"https:\/\/rafaeladigital.com\/noticias\/wp-json\/wp\/v2\/posts\/4761\/revisions"}],"wp:featuredmedia":[{"embeddable":true,"href":"https:\/\/rafaeladigital.com\/noticias\/wp-json\/wp\/v2\/media\/4760"}],"wp:attachment":[{"href":"https:\/\/rafaeladigital.com\/noticias\/wp-json\/wp\/v2\/media?parent=4761"}],"wp:term":[{"taxonomy":"category","embeddable":true,"href":"https:\/\/rafaeladigital.com\/noticias\/wp-json\/wp\/v2\/categories?post=4761"},{"taxonomy":"post_tag","embeddable":true,"href":"https:\/\/rafaeladigital.com\/noticias\/wp-json\/wp\/v2\/tags?post=4761"}],"curies":[{"name":"wp","href":"https:\/\/api.w.org\/{rel}","templated":true}]}}