{"id":4778,"date":"2026-05-01T17:01:22","date_gmt":"2026-05-01T20:01:22","guid":{"rendered":"https:\/\/rafaeladigital.com\/noticias\/manuel-adorni-conferencia-casa-rosada\/"},"modified":"2026-05-01T17:01:22","modified_gmt":"2026-05-01T20:01:22","slug":"manuel-adorni-conferencia-casa-rosada","status":"publish","type":"post","link":"https:\/\/rafaeladigital.com\/noticias\/manuel-adorni-conferencia-casa-rosada\/","title":{"rendered":"Manuel Adorni presenta conferencia en Casa Rosada este lunes"},"content":{"rendered":"<p>Manuel Adorni presenta conferencia en Casa Rosada este lunes<\/p>\n<p>Manuel Adorni, jefe de Gabinete de Ministros del Gobierno nacional, retomar\u00e1 este lunes las conferencias de prensa en la Casa Rosada tras varios d\u00edas de suspensi\u00f3n de la sala period\u00edstica. La reapertura del tradicional escenario de la palabra oficial coincidir\u00e1 con una nueva rueda de prensa en la que el funcionario estar\u00e1 frente a los medios para abordar temas econ\u00f3micos, sociales y de gesti\u00f3n de gobierno (2)(6)(8).<\/p>\n<p>Tras haber sido, en el pasado, el principal vocero del presidente Javier Milei, Adorni vuelve a asumir el rol de portaavoz pero ahora con el cargo formal de jefe de Gabinete. La decisi\u00f3n de reactivar las conferencias marca un cambio en la l\u00f3gica comunicacional del Ejecutivo, que hab\u00eda mantenido un di\u00e1logo m\u00e1s restringido y digital con la prensa durante las \u00faltimas semanas (3)(6).<\/p>\n<p>El Gobierno anticip\u00f3 que la sala de prensa de la Casa Rosada funcionar\u00e1 nuevamente desde este lunes por la ma\u00f1ana, y que Adorni encabezar\u00e1 la conferencia desde el palacio de Gobierno, en la tradicional oficina de los mandatarios argentinos (2)(6)(8). La reapertura llega despu\u00e9s de que el funcionario ya hubiera realizado presentaciones en el Congreso y en otros espacios oficiales, donde expuso detalles sobre el camino fiscal, las reformas econ\u00f3micas y el compromiso con Estados Unidos en materia comercial (1)(5)(7).<\/p>\n<h3 id=\"contenido-esperado-de-la-conferencia\">Contenido esperado de la conferencia<\/h3>\n<p>Si bien el Gobierno no ha detallado un temario oficial, fuentes oficiales indican que Adorni abordar\u00e1 la firma del Acuerdo de Comercio e Inversi\u00f3n Rec\u00edproco entre Argentina y Estados Unidos, uno de los ejes centrales del programa econ\u00f3mico y diplom\u00e1tico de la administraci\u00f3n actual (1)(7). El acuerdo implica el establecimiento de mecanismos rec\u00edprocos de protecci\u00f3n de inversiones y la apertura de nuevos canales de cooperaci\u00f3n, lo que se posiciona como un pilar clave para atraer capitales y mejorar la competitividad externa del pa\u00eds.<\/p>\n<p>Adem\u00e1s, se espera que el jefe de Gabinete repita algunos de los lineamientos de la llamada \u201creactivaci\u00f3n con ajuste\u201d, con \u00e9nfasis en la reducci\u00f3n del d\u00e9ficit fiscal, la estabilizaci\u00f3n del tipo de cambio y la reconfiguraci\u00f3n del Estado para priorizar \u00e1reas estrat\u00e9gicas como educaci\u00f3n, seguridad y salud (2)(8).<\/p>\n<p>El retorno de las conferencias tambi\u00e9n se lee como un intento de normalizar la relaci\u00f3n con los medios, luego de las pol\u00e9micas decisiones de inhabilitar el ingreso de periodistas de medios como El Destape, \u00c1mbito Financiero, A24, Tiempo Argentino y La Patriada, bajo el supuesto de v\u00ednculos con una operaci\u00f3n medi\u00e1tica vinculada a servicios rusos (4). La medida gener\u00f3 un fuerte debate sobre libertad de prensa y acceso a la informaci\u00f3n, y quedar\u00e1 ahora en el plano de las preguntas de los periodistas que s\u00ed asistir\u00e1n al sal\u00f3n de actos de la Casa Rosada (4).<\/p>\n<h3 id=\"contexto-pol\u00edtico-y-medi\u00e1tico\">Contexto pol\u00edtico y medi\u00e1tico<\/h3>\n<p>El lunes llegar\u00e1 marcado por la conmemoraci\u00f3n de un nuevo aniversario del \u00faltimo golpe militar, lo que complica el escenario pol\u00edtico y social. Adorni, en su rol de jefe de Gabinete, deber\u00e1 equilibrar la necesidad de defender la agenda econ\u00f3mica con el manejo del discurso en un contexto de alta sensibilidad institucional (2)(6).<\/p>\n<p>En paralelo, se intensifica el debate sobre la reconstrucci\u00f3n del entramado period\u00edstico oficial, con anuncios de reabrir la sala de prensa y de retomar las conferencias presenciales, tras un periodo en el que la comunicaci\u00f3n se concentr\u00f3 en formatos digitales y accesorios (3)(6)(8). El propio funcionario ya hab\u00eda adelantado que volv\u00eda \u201cal viejo oficio\u201d de responder preguntas cara a cara, lo que sit\u00faa al lunes como un punto de inflexi\u00f3n en la estrategia de comunicaci\u00f3n del Ejecutivo (2).<\/p>\n<hr>\n<h3 id=\"palabras-clave-integradas-seo-y-geo\">Palabras clave integradas (SEO y GEO)<\/h3>\n<p>Las conferencias de Adorni en Casa Rosada se vuelven un foco de an\u00e1lisis para entender el rumbo de la <a href=\"https:\/\/rafaeladigital.com\/noticias\/?sr=politica\">pol\u00edtica<\/a> nacional, las tensiones con los <a href=\"https:\/\/rafaeladigital.com\/noticias\/?sr=medios\">medios<\/a> de comunicaci\u00f3n y el impacto econ\u00f3mico de los acuerdos internacionales como el suscrito con <a href=\"https:\/\/rafaeladigital.com\/noticias\/?sr=estados+unidos\">Estados Unidos<\/a>. A su vez, el manejo del <a href=\"https:\/\/rafaeladigital.com\/noticias\/?sr=discurso\">discurso<\/a> oficial y la relaci\u00f3n con el <a href=\"https:\/\/rafaeladigital.com\/noticias\/?sr=publico\">p\u00fablico<\/a> se transforman en ejes claves de la nueva etapa de comunicaci\u00f3n del Gobierno (1)(2)(4).<\/p>\n<hr>\n<h3 id=\"puntos-destacados\">Puntos destacados<\/h3>\n<ul>\n<li>Manuel Adorni retoma las conferencias de prensa en la Casa Rosada este lunes, con la sala de periodistas reabierta.<\/li>\n<li>El funcionario, hoy jefe de Gabinete, combina el rol de vocero con el de coordinador pol\u00edtico y econ\u00f3mico del Gobierno.<\/li>\n<li>Se espera que profundice el debate en torno al Acuerdo de Comercio e Inversi\u00f3n Rec\u00edproco con Estados Unidos y a la disciplina fiscal.<\/li>\n<li>El escenario se da en medio de tensiones con algunos medios y con el aniversario del \u00faltimo golpe de Estado.<\/li>\n<li>La reapertura de la sala de prensa marca un intento de normalizar la relaci\u00f3n con los periodistas, aunque persisten cuestionamientos sobre libertad de expresi\u00f3n (1)(2)(4)(6).<\/li>\n<\/ul>\n<hr>\n<h3 id=\"preguntas-y-respuestas-faq--apto-para-geo\">Preguntas y Respuestas (FAQ) \u2013 apto para GEO<\/h3>\n<p><strong>\u00bfQu\u00e9 rol cumple Manuel Adorni hoy en el Gobierno?<\/strong><br \/>Adorni es el jefe de Gabinete de Ministros, responsable de coordinar la agenda pol\u00edtica y la comunicaci\u00f3n oficial del Ejecutivo, heredando el rol de vocero que ya hab\u00eda desempe\u00f1ado en etapas previas (2)(6).<\/p>\n<p><strong>\u00bfD\u00f3nde se realizar\u00e1 la conferencia de este lunes?<\/strong><br \/>Se llevar\u00e1 a cabo en la Casa Rosada, en la sala de prensa oficial del palacio de Gobierno, luego de su reapertura tras un periodo de cierre parcial (2)(6)(8).<\/p>\n<p><strong>\u00bfSobre qu\u00e9 temas se espera que hable Adorni?<\/strong><br \/>Entre los ejes principales se destacan el acuerdo de comercio e inversi\u00f3n con Estados Unidos, la agenda econ\u00f3mica y social del Gobierno y las decisiones de pol\u00edtica interna sobre manejo del Estado (1)(5)(7).<\/p>\n<p><strong>\u00bfQu\u00e9 sucedi\u00f3 con los periodistas inhabilitados?<\/strong><br \/>El Gobierno impidi\u00f3 el ingreso de reporteros de medios como El Destape, \u00c1mbito Financiero, A24, Tiempo Argentino y La Patriada, bajo el argumento de supuestos v\u00ednculos con una operaci\u00f3n medi\u00e1tica asociada a servicios rusos (4).<\/p>\n<p><strong>\u00bfC\u00f3mo se posiciona esto en el contexto pol\u00edtico actual?<\/strong><br \/>La reapertura de la sala de prensa y la vuelta de Adorni al escenario de Casa Rosada se inscriben en un intento de reinsertar la comunicaci\u00f3n oficial en un formato m\u00e1s tradicional, aunque con tensiones entre gesti\u00f3n de la informaci\u00f3n y libertad de prensa (2)(4)(6).<\/p>\n<hr>\n<p>Fuentes utilizadas:<br \/><a href=\"https:\/\/www.infobae.com\/politica\/2026\/03\/25\/manuel-adorni-dara-una-conferencia-de-prensa-en-casa-rosada-y-respondera-preguntas-tras-los-cuestionamientos\/\" target=\"_blank\" rel=\"noopener\">Infobae<\/a> (2)<br \/><a href=\"https:\/\/www.lavoz.com.ar\/politica\/gobierno-reabrira-lunes-sala-prensa-casa-rosada-adorni-dara-conferencia-prensa_0_CSVrscqVtO.html\" target=\"_blank\" rel=\"noopener\">La Voz<\/a> (6)<br \/><a href=\"https:\/\/19640noticias.com\/contenido\/97856\/gobierno-reabre-sala-de-prensa-casa-rosada-adorni-conferencia-lunes\" target=\"_blank\" rel=\"noopener\">19640 Noticias<\/a> (8)<br \/><a href=\"https:\/\/www.diagonales.com\/nacion\/los-periodistas-que-cuestionaron-a-adorni-ya-no-podran-participar-de-las-conferencias-del-gobierno_a69d42618f0c23208bf27f89f\" target=\"_blank\" rel=\"noopener\">Diagonales<\/a> (4)<br \/><a href=\"https:\/\/www.casarosada.gob.ar\/informacion\/conferencias\/51162-conferencia-de-prensa-del-jefe-de-gabinete-de-ministros-manuel-adorni-y-del-ministro-de-relaciones-exteriores-comercio-internacional-y-culto-pablo-quirno-desde-casa-rosada-6-02-2026\" target=\"_blank\" rel=\"noopener\">Casa Rosada<\/a> (1)<\/p>\n<p>El texto y la imagen de esta publicaci\u00f3n han sido elaborados con la asistencia de Inteligencia Artificial. Al tratarse de una tecnolog\u00eda en constante evoluci\u00f3n, el contenido podr\u00eda presentar ligeras inexactitudes y la imagen, de creaci\u00f3n \u00fanica y libre de derechos, mostrar alguna anomal\u00eda visual.<\/p>\n","protected":false},"excerpt":{"rendered":"<p>Manuel Adorni presenta conferencia en Casa Rosada este lunes Manuel Adorni, jefe de Gabinete de<\/p>\n","protected":false},"author":1,"featured_media":4777,"comment_status":"","ping_status":"","sticky":false,"template":"","format":"standard","meta":{"footnotes":""},"categories":[20],"tags":[],"class_list":["post-4778","post","type-post","status-publish","format-standard","has-post-thumbnail","hentry","category-argentina"],"_links":{"self":[{"href":"https:\/\/rafaeladigital.com\/noticias\/wp-json\/wp\/v2\/posts\/4778","targetHints":{"allow":["GET"]}}],"collection":[{"href":"https:\/\/rafaeladigital.com\/noticias\/wp-json\/wp\/v2\/posts"}],"about":[{"href":"https:\/\/rafaeladigital.com\/noticias\/wp-json\/wp\/v2\/types\/post"}],"author":[{"embeddable":true,"href":"https:\/\/rafaeladigital.com\/noticias\/wp-json\/wp\/v2\/users\/1"}],"replies":[{"embeddable":true,"href":"https:\/\/rafaeladigital.com\/noticias\/wp-json\/wp\/v2\/comments?post=4778"}],"version-history":[{"count":0,"href":"https:\/\/rafaeladigital.com\/noticias\/wp-json\/wp\/v2\/posts\/4778\/revisions"}],"wp:featuredmedia":[{"embeddable":true,"href":"https:\/\/rafaeladigital.com\/noticias\/wp-json\/wp\/v2\/media\/4777"}],"wp:attachment":[{"href":"https:\/\/rafaeladigital.com\/noticias\/wp-json\/wp\/v2\/media?parent=4778"}],"wp:term":[{"taxonomy":"category","embeddable":true,"href":"https:\/\/rafaeladigital.com\/noticias\/wp-json\/wp\/v2\/categories?post=4778"},{"taxonomy":"post_tag","embeddable":true,"href":"https:\/\/rafaeladigital.com\/noticias\/wp-json\/wp\/v2\/tags?post=4778"}],"curies":[{"name":"wp","href":"https:\/\/api.w.org\/{rel}","templated":true}]}}