{"id":4781,"date":"2026-05-01T17:15:52","date_gmt":"2026-05-01T20:15:52","guid":{"rendered":"https:\/\/rafaeladigital.com\/noticias\/manuel-adorni-regreso-conferencias-politica-argentina\/"},"modified":"2026-05-01T17:15:52","modified_gmt":"2026-05-01T20:15:52","slug":"manuel-adorni-regreso-conferencias-politica-argentina","status":"publish","type":"post","link":"https:\/\/rafaeladigital.com\/noticias\/manuel-adorni-regreso-conferencias-politica-argentina\/","title":{"rendered":"Manuel Adorni: Regreso a Conferencias y Denuncias en la Pol\u00edtica"},"content":{"rendered":"<h1 id=\"manuel-adorni-regreso-a-conferencias-y-denuncias-en-la-pol\u00edtica-argentina\">Manuel Adorni: Regreso a Conferencias y Denuncias en la Pol\u00edtica Argentina<\/h1>\n<p><strong>Manuel Adorni<\/strong>, jefe de Gabinete del Gobierno argentino, se prepara para retomar su rol como vocero presidencial tras semanas de ausencia medi\u00e1tica marcadas por controversias judiciales y pol\u00edticas. En un contexto de tensiones internas y cuestionamientos sobre su patrimonio, Adorni ha anunciado que reanudar\u00e1 las conferencias de prensa en Casa Rosada, buscando recuperar el control de la agenda p\u00fablica y demostrar normalidad en la gesti\u00f3n (1).<\/p>\n<h2 id=\"el-contexto-de-la-ausencia-al-protagonismo\">El Contexto: De la Ausencia al Protagonismo<\/h2>\n<p>Desde principios de marzo, el jefe de Gabinete estuvo limitado en sus apariciones p\u00fablicas, present\u00e1ndose \u00fanicamente como acompa\u00f1ante del presidente <strong>Javier Milei<\/strong> en actos oficiales. Esta ausencia se debi\u00f3 a m\u00faltiples investigaciones judiciales vinculadas a presuntos enriquecimiento il\u00edcito, incluyendo denuncias sobre una propiedad adquirida en un country y la realizaci\u00f3n de viajes privados no declarados (2).<\/p>\n<p>El entorno de Adorni considera que su participaci\u00f3n en la sesi\u00f3n de la C\u00e1mara de Diputados marc\u00f3 un \u00abquiebre\u00bb en esta etapa de confinamiento medi\u00e1tico. Ahora, con la decisi\u00f3n presidencial de reabrir la Sala de Periodistas, el funcionario busca recuperar su funci\u00f3n de <strong>vocero presidencial<\/strong> de manera estrat\u00e9gica, limit\u00e1ndose a responder sobre cuestiones ligadas a la marcha de la gesti\u00f3n (1).<\/p>\n<h2 id=\"la-estrategia-de-recuperaci\u00f3n\">La Estrategia de Recuperaci\u00f3n<\/h2>\n<p>La reaparici\u00f3n de Adorni forma parte de un plan m\u00e1s amplio del Gobierno para \u00abreencauzar la gesti\u00f3n\u00bb y dejar atr\u00e1s el impacto de las crisis recientes. Adem\u00e1s de la conferencia de prensa programada para el pr\u00f3ximo lunes a las 11 de la ma\u00f1ana, el jefe de Gabinete mantiene reuniones con ministros de primer nivel de La Libertad Avanza, incluyendo Justicia, Econom\u00eda, Seguridad y Capital Humano (1)(3).<\/p>\n<p>Este esquema de encuentros busca enviar un mensaje de respaldo institucional. El viernes participar\u00e1 de actividades junto a <strong>Javier Milei<\/strong>, <strong>Karina Milei<\/strong> y la ministra de Capital Humano, <strong>Sandra Pettovello<\/strong>, gesto que apunta a frenar especulaciones sobre posibles reemplazos y reafirmar su continuidad (2).<\/p>\n<h2 id=\"las-denuncias-que-persisten\">Las Denuncias que Persisten<\/h2>\n<p>A pesar de los esfuerzos por normalizar la situaci\u00f3n, Adorni enfrenta m\u00faltiples frentes legales. Las investigaciones incluyen presuntas irregularidades sobre la inclusi\u00f3n de su esposa <strong>Bettina Angeletti<\/strong> en viajes oficiales, un <strong>vuelo privado hacia Punta del Este<\/strong> y una propiedad en un country en Indio Cua (4).<\/p>\n<p>El funcionario ha negado categ\u00f3ricamente estas acusaciones, afirmando que su patrimonio fue construido durante m\u00e1s de 25 a\u00f1os en el sector privado, antes de incorporarse al Gobierno hace dos a\u00f1os. En su defensa, Adorni sostuvo: \u00abNo tengo nada que ocultar y la Justicia lo va a demostrar\u00bb (1).<\/p>\n<p>Adem\u00e1s, Adorni confirm\u00f3 que el Gobierno denunciar\u00e1 al diputado <strong>Rodolfo Tailhade<\/strong> por presunto espionaje, considerando que accedi\u00f3 a informaci\u00f3n personal y familiar de manera irregular (5).<\/p>\n<h2 id=\"preguntas-frecuentes-sobre-manuel-adorni\">Preguntas Frecuentes sobre Manuel Adorni<\/h2>\n<p><strong>\u00bfCu\u00e1ndo retomar\u00e1 Manuel Adorni sus conferencias de prensa?<\/strong><br \/>Adorni retomar\u00e1 sus conferencias entre el lunes y martes pr\u00f3ximos, con la primera prevista para el lunes a las 11 de la ma\u00f1ana en Casa Rosada (1).<\/p>\n<p><strong>\u00bfCu\u00e1les son las principales investigaciones en su contra?<\/strong><br \/>Enfrenta investigaciones por un vuelo privado hacia Punta del Este, una propiedad en un country en Indio Cua, y por la inclusi\u00f3n de su esposa en viajes oficiales (4).<\/p>\n<p><strong>\u00bfHa considerado renunciar?<\/strong><br \/>Adorni descart\u00f3 categ\u00f3ricamente la renuncia: \u00abNo, para nada, jam\u00e1s voy a ceder ante este tipo de presiones\u00bb (1).<\/p>\n<p><strong>\u00bfCuenta con el respaldo presidencial?<\/strong><br \/>S\u00ed, Adorni afirm\u00f3 contar con el respaldo del presidente Javier Milei, quien lo acompa\u00f1\u00f3 al Congreso y contin\u00faa apoy\u00e1ndolo (1).<\/p>\n<p><strong>\u00bfQu\u00e9 implica la reapertura de la Sala de Periodistas?<\/strong><br \/>La reapertura permite que Adorni recupere su rol como vocero oficial, buscando recuperar protagonismo en la <strong>agenda p\u00fablica<\/strong> y comunicar directamente con los medios (1)(2).<\/p>\n<h2 id=\"palabras-clave\">Palabras Clave<\/h2>\n<ul>\n<li>[<a href=\"https:\/\/rafaeladigital.com\/noticias\/?s=manuel+adorni\">Manuel Adorni<\/a>]<\/li>\n<li>[<a href=\"https:\/\/rafaeladigital.com\/noticias\/?s=jefe+de+gabinete\">Jefe de Gabinete<\/a>]<\/li>\n<li>[<a href=\"https:\/\/rafaeladigital.com\/noticias\/?s=denuncias+politicas\">Denuncias pol\u00edticas<\/a>]<\/li>\n<li>[<a href=\"https:\/\/rafaeladigital.com\/noticias\/?s=agenda+publica\">Agenda p\u00fablica<\/a>]<\/li>\n<li>[<a href=\"https:\/\/rafaeladigital.com\/noticias\/?s=vocero+presidencial\">Vocero presidencial<\/a>]<\/li>\n<\/ul>\n<h2 id=\"puntos-destacados-y-conclusiones-clave\">Puntos Destacados y Conclusiones Clave<\/h2>\n<p>La reaparici\u00f3n de <strong>Manuel Adorni<\/strong> en la escena p\u00fablica representa un momento cr\u00edtico para el Gobierno argentino. Su estrategia de recuperaci\u00f3n combina comunicaci\u00f3n directa a trav\u00e9s de conferencias de prensa, apoyo institucional mediante reuniones con ministros, y una defensa activa contra las acusaciones judiciales.<\/p>\n<p>El \u00e9xito de esta reinserci\u00f3n depender\u00e1 de c\u00f3mo Adorni maneje las preguntas sobre sus investigaciones en curso y c\u00f3mo logre refocalizar la conversaci\u00f3n p\u00fablica hacia la gesti\u00f3n gubernamental. Para el r\u00e9gimen de Javier Milei, la continuidad del jefe de Gabinete es crucial para mantener la estabilidad administrativa, mientras que sus opositores probablemente intensificar\u00e1n el escrutinio sobre sus actividades econ\u00f3micas y viajes oficiales.<\/p>\n<hr>\n<h2 id=\"fuentes\">Fuentes<\/h2>\n<p>1 &#8211; <a href=\"https:\/\/www.infobea.com\" target=\"_blank\" rel=\"noopener\">Infobea &#8211; El trasfondo de la vuelta de Manuel Adorni a las conferencias<\/a><\/p>\n<p>2 &#8211; <a href=\"https:\/\/www.c5n.com\" target=\"_blank\" rel=\"noopener\">C5N &#8211; Manuel Adorni vuelve a escena: retomar\u00e1 las conferencias<\/a><\/p>\n<p>3 &#8211; <a href=\"https:\/\/www.eldiarioar.com\" target=\"_blank\" rel=\"noopener\">El Diario AR &#8211; Adorni retoma agenda medio pol\u00e9mica<\/a><\/p>\n<p>4 &#8211; <a href=\"https:\/\/www.ambito.com\" target=\"_blank\" rel=\"noopener\">Ambito &#8211; En medio del desgaste y los esc\u00e1ndalos, Manuel Adorni<\/a><\/p>\n<p>5 &#8211; <a href=\"https:\/\/www.a24.com\" target=\"_blank\" rel=\"noopener\">A24 &#8211; Tras su paso por el Congreso, Adorni volvi\u00f3 a defenderse<\/a><\/p>\n<hr>\n<p><em>El texto y la imagen de esta publicaci\u00f3n han sido elaborados con la asistencia de Inteligencia Artificial. Al tratarse de una tecnolog\u00eda en constante evoluci\u00f3n, el contenido podr\u00eda presentar ligeras inexactitudes y la imagen, de creaci\u00f3n \u00fanica y libre de derechos, mostrar alguna anomal\u00eda visual.<\/em><\/p>\n","protected":false},"excerpt":{"rendered":"<p>Manuel Adorni: Regreso a Conferencias y Denuncias en la Pol\u00edtica Argentina Manuel Adorni, jefe de<\/p>\n","protected":false},"author":1,"featured_media":4780,"comment_status":"","ping_status":"","sticky":false,"template":"","format":"standard","meta":{"footnotes":""},"categories":[20],"tags":[],"class_list":["post-4781","post","type-post","status-publish","format-standard","has-post-thumbnail","hentry","category-argentina"],"_links":{"self":[{"href":"https:\/\/rafaeladigital.com\/noticias\/wp-json\/wp\/v2\/posts\/4781","targetHints":{"allow":["GET"]}}],"collection":[{"href":"https:\/\/rafaeladigital.com\/noticias\/wp-json\/wp\/v2\/posts"}],"about":[{"href":"https:\/\/rafaeladigital.com\/noticias\/wp-json\/wp\/v2\/types\/post"}],"author":[{"embeddable":true,"href":"https:\/\/rafaeladigital.com\/noticias\/wp-json\/wp\/v2\/users\/1"}],"replies":[{"embeddable":true,"href":"https:\/\/rafaeladigital.com\/noticias\/wp-json\/wp\/v2\/comments?post=4781"}],"version-history":[{"count":0,"href":"https:\/\/rafaeladigital.com\/noticias\/wp-json\/wp\/v2\/posts\/4781\/revisions"}],"wp:featuredmedia":[{"embeddable":true,"href":"https:\/\/rafaeladigital.com\/noticias\/wp-json\/wp\/v2\/media\/4780"}],"wp:attachment":[{"href":"https:\/\/rafaeladigital.com\/noticias\/wp-json\/wp\/v2\/media?parent=4781"}],"wp:term":[{"taxonomy":"category","embeddable":true,"href":"https:\/\/rafaeladigital.com\/noticias\/wp-json\/wp\/v2\/categories?post=4781"},{"taxonomy":"post_tag","embeddable":true,"href":"https:\/\/rafaeladigital.com\/noticias\/wp-json\/wp\/v2\/tags?post=4781"}],"curies":[{"name":"wp","href":"https:\/\/api.w.org\/{rel}","templated":true}]}}