{"id":487,"date":"2023-04-25T20:27:24","date_gmt":"2023-04-25T23:27:24","guid":{"rendered":"https:\/\/rafaeladigital.com\/noticias\/?p=487"},"modified":"2023-04-25T20:27:59","modified_gmt":"2023-04-25T23:27:59","slug":"dolar-blue-caliente-acusaciones-de-alberto-fernandez-hacia-la-oposicion-por-la-corrida-cambiaria","status":"publish","type":"post","link":"https:\/\/rafaeladigital.com\/noticias\/dolar-blue-caliente-acusaciones-de-alberto-fernandez-hacia-la-oposicion-por-la-corrida-cambiaria\/","title":{"rendered":"D\u00f3lar Blue Caliente: Acusaciones de Alberto Fern\u00e1ndez hacia la Oposici\u00f3n por la Corrida Cambiaria"},"content":{"rendered":"\n<p>El presidente de Argentina, Alberto Fern\u00e1ndez, ha acusado a la oposici\u00f3n de impulsar la corrida cambiaria, mientras que el d\u00f3lar blue alcanz\u00f3 los $500 en la ciudad de Buenos Aires. En medio de esta situaci\u00f3n econ\u00f3mica cr\u00edtica, Fern\u00e1ndez ha afirmado que la oposici\u00f3n pide ajustes sobre el pueblo y que cuando van al extranjero solicitan que se corte el cr\u00e9dito del pa\u00eds. A continuaci\u00f3n, se profundizar\u00e1 en la situaci\u00f3n econ\u00f3mica actual de Argentina y c\u00f3mo la oposici\u00f3n est\u00e1 afectando al pa\u00eds.<\/p>\n\n\n\n<h2 class=\"wp-block-heading\"><strong>\u00bfQu\u00e9 es la corrida cambiaria en Argentina?<\/strong><\/h2>\n\n\n\n<p>La corrida cambiaria en Argentina se refiere a la situaci\u00f3n donde hay una gran cantidad de personas que venden su moneda local, el peso argentino, y compran moneda extranjera, como el d\u00f3lar estadounidense, debido a la falta de confianza en la moneda local y a la inestabilidad econ\u00f3mica. Esta situaci\u00f3n puede provocar una disminuci\u00f3n del valor de la moneda local y una inflaci\u00f3n a\u00fan m\u00e1s alta.<\/p>\n\n\n\n<h2 class=\"wp-block-heading\"><strong>Las cotizaciones alternativas del d\u00f3lar<\/strong><\/h2>\n\n\n\n<p>En Argentina, existen varias cotizaciones alternativas del d\u00f3lar adem\u00e1s del tipo de cambio oficial, como el d\u00f3lar blue y el d\u00f3lar MEP. El d\u00f3lar blue es el tipo de cambio paralelo no oficial que se utiliza com\u00fanmente en el mercado negro, mientras que el d\u00f3lar MEP se refiere a la compra de bonos en pesos y su venta en d\u00f3lares a trav\u00e9s de una operaci\u00f3n burs\u00e1til. Estos tipos de cambio alternativos a menudo son utilizados por aquellos que desean proteger sus ahorros de la inflaci\u00f3n y la inestabilidad econ\u00f3mica.<\/p>\n\n\n\n<h2 class=\"wp-block-heading\"><strong>La acusaci\u00f3n del presidente Alberto Fern\u00e1ndez<\/strong><\/h2>\n\n\n\n<p>El presidente Alberto Fern\u00e1ndez ha acusado a la oposici\u00f3n de impulsar la corrida cambiaria y ha afirmado que siempre han hecho lo mismo. Seg\u00fan Fern\u00e1ndez, la oposici\u00f3n utiliza pr\u00e1cticas antipatri\u00f3ticas para promover la especulaci\u00f3n cambiaria y afectar el ahorro de la mayor\u00eda de los argentinos. Adem\u00e1s, ha enfatizado que la oposici\u00f3n ha pedido que se corte el cr\u00e9dito del pa\u00eds y que se exija m\u00e1s ajuste sobre el pueblo.<\/p>\n\n\n\n<h2 class=\"wp-block-heading\"><strong>La respuesta del representante argentino ante el FMI<\/strong><\/h2>\n\n\n\n<p>El representante argentino ante el Fondo Monetario Internacional (FMI), Sergio Chodos, ha tildado de \u00abantipatrias\u00bb a tres economistas del gobierno anterior, quienes habr\u00edan pedido al organismo multilateral que no brinde asistencia a Argentina hasta que asuma un nuevo gobierno. Las acusaciones de Chodos se suman a la ret\u00f3rica del presidente Fern\u00e1ndez y sugieren que la oposici\u00f3n ha estado saboteando la econom\u00eda del pa\u00eds por intereses pol\u00edticos.<\/p>\n\n\n\n<h2 class=\"wp-block-heading\"><strong>La estrategia del gobierno para frenar la corrida cambiaria<\/strong><\/h2>\n\n\n\n<p>El presidente Fern\u00e1ndez ha afirmado que est\u00e1 trabajando con el ministro de Econom\u00eda, Sergio Massa, para frenar la corrida cambiaria y \u00abeducar\u00bb a la oposici\u00f3n sobre las necesidades del pueblo argentino. Adem\u00e1s, ha ratificado la tarea del titular del Banco Central (BCRA), Miguel \u00c1ngel Pesce, y ha desmentido que el FMI haya negado adelantar los fondos correspondientes al segundo semestre.<\/p>\n","protected":false},"excerpt":{"rendered":"<p>El presidente de Argentina, Alberto Fern\u00e1ndez, ha acusado a la oposici\u00f3n de impulsar la corrida<\/p>\n","protected":false},"author":1,"featured_media":488,"comment_status":"closed","ping_status":"closed","sticky":false,"template":"","format":"standard","meta":{"footnotes":""},"categories":[20,1],"tags":[],"class_list":["post-487","post","type-post","status-publish","format-standard","has-post-thumbnail","hentry","category-argentina","category-politica"],"_links":{"self":[{"href":"https:\/\/rafaeladigital.com\/noticias\/wp-json\/wp\/v2\/posts\/487","targetHints":{"allow":["GET"]}}],"collection":[{"href":"https:\/\/rafaeladigital.com\/noticias\/wp-json\/wp\/v2\/posts"}],"about":[{"href":"https:\/\/rafaeladigital.com\/noticias\/wp-json\/wp\/v2\/types\/post"}],"author":[{"embeddable":true,"href":"https:\/\/rafaeladigital.com\/noticias\/wp-json\/wp\/v2\/users\/1"}],"replies":[{"embeddable":true,"href":"https:\/\/rafaeladigital.com\/noticias\/wp-json\/wp\/v2\/comments?post=487"}],"version-history":[{"count":1,"href":"https:\/\/rafaeladigital.com\/noticias\/wp-json\/wp\/v2\/posts\/487\/revisions"}],"predecessor-version":[{"id":489,"href":"https:\/\/rafaeladigital.com\/noticias\/wp-json\/wp\/v2\/posts\/487\/revisions\/489"}],"wp:featuredmedia":[{"embeddable":true,"href":"https:\/\/rafaeladigital.com\/noticias\/wp-json\/wp\/v2\/media\/488"}],"wp:attachment":[{"href":"https:\/\/rafaeladigital.com\/noticias\/wp-json\/wp\/v2\/media?parent=487"}],"wp:term":[{"taxonomy":"category","embeddable":true,"href":"https:\/\/rafaeladigital.com\/noticias\/wp-json\/wp\/v2\/categories?post=487"},{"taxonomy":"post_tag","embeddable":true,"href":"https:\/\/rafaeladigital.com\/noticias\/wp-json\/wp\/v2\/tags?post=487"}],"curies":[{"name":"wp","href":"https:\/\/api.w.org\/{rel}","templated":true}]}}