{"id":503,"date":"2023-04-26T12:20:16","date_gmt":"2023-04-26T15:20:16","guid":{"rendered":"https:\/\/rafaeladigital.com\/noticias\/?p=503"},"modified":"2023-04-26T12:20:21","modified_gmt":"2023-04-26T15:20:21","slug":"el-kun-aguero-se-defiende-de-las-criticas-por-su-postura-sobre-la-dolarizacion","status":"publish","type":"post","link":"https:\/\/rafaeladigital.com\/noticias\/el-kun-aguero-se-defiende-de-las-criticas-por-su-postura-sobre-la-dolarizacion\/","title":{"rendered":"El Kun Ag\u00fcero se defiende de las cr\u00edticas por su postura sobre la dolarizaci\u00f3n"},"content":{"rendered":"\n<p>El Kun Ag\u00fcero ha sido objeto de cr\u00edticas luego de que hablara sobre la posibilidad de una dolarizaci\u00f3n en Argentina. El periodista Pablo Duggan lo acus\u00f3 de \u00abmala persona\u00bb por sus comentarios, pero el exfutbolista se defendi\u00f3 argumentando que s\u00f3lo estaba dando su opini\u00f3n.<\/p>\n\n\n\n<p>En una transmisi\u00f3n en vivo, un usuario le pregunt\u00f3 al Kun Ag\u00fcero sobre las cr\u00edticas que recibi\u00f3 por sus comentarios sobre el d\u00f3lar. El exfutbolista respondi\u00f3 que no sab\u00eda qui\u00e9n era Duggan, pero que supon\u00eda que era un periodista.<\/p>\n\n\n\n<p>El Kun Ag\u00fcero asegur\u00f3 que no se involucrar\u00eda en la pol\u00e9mica y que s\u00f3lo quer\u00eda que los argentinos supieran cu\u00e1nto realmente cobran en d\u00f3lares al cambio de pesos. Tambi\u00e9n critic\u00f3 a Duggan por insultarlo y le record\u00f3 que \u00e9l tambi\u00e9n hab\u00eda sido pobre.<\/p>\n\n\n\n<p>El exfutbolista explic\u00f3 que no estaba afiliado a ning\u00fan partido pol\u00edtico y que s\u00f3lo quer\u00eda que la gente tuviera m\u00e1s informaci\u00f3n sobre la econom\u00eda del pa\u00eds. Agreg\u00f3 que ten\u00eda negocios en Argentina y que pagaba impuestos como cualquier otro ciudadano.<\/p>\n\n\n\n<p>En cuanto a la dolarizaci\u00f3n, el Kun Ag\u00fcero se\u00f1al\u00f3 que era un tema complicado y que no estaba seguro de si era la mejor soluci\u00f3n para la econom\u00eda argentina. Sin embargo, afirm\u00f3 que era importante que los ciudadanos supieran cu\u00e1nto val\u00eda realmente su dinero.<\/p>\n\n\n\n<p>En resumen, el Kun Ag\u00fcero se defendi\u00f3 de las cr\u00edticas por sus comentarios sobre la dolarizaci\u00f3n argumentando que s\u00f3lo estaba dando su opini\u00f3n y que no estaba afiliado a ning\u00fan partido pol\u00edtico. Tambi\u00e9n record\u00f3 que hab\u00eda sido pobre en su juventud y que no insultaba a nadie.<\/p>\n","protected":false},"excerpt":{"rendered":"<p>El Kun Ag\u00fcero ha sido objeto de cr\u00edticas luego de que hablara sobre la posibilidad<\/p>\n","protected":false},"author":1,"featured_media":504,"comment_status":"closed","ping_status":"closed","sticky":false,"template":"","format":"standard","meta":{"footnotes":""},"categories":[20],"tags":[],"class_list":["post-503","post","type-post","status-publish","format-standard","has-post-thumbnail","hentry","category-argentina"],"_links":{"self":[{"href":"https:\/\/rafaeladigital.com\/noticias\/wp-json\/wp\/v2\/posts\/503","targetHints":{"allow":["GET"]}}],"collection":[{"href":"https:\/\/rafaeladigital.com\/noticias\/wp-json\/wp\/v2\/posts"}],"about":[{"href":"https:\/\/rafaeladigital.com\/noticias\/wp-json\/wp\/v2\/types\/post"}],"author":[{"embeddable":true,"href":"https:\/\/rafaeladigital.com\/noticias\/wp-json\/wp\/v2\/users\/1"}],"replies":[{"embeddable":true,"href":"https:\/\/rafaeladigital.com\/noticias\/wp-json\/wp\/v2\/comments?post=503"}],"version-history":[{"count":1,"href":"https:\/\/rafaeladigital.com\/noticias\/wp-json\/wp\/v2\/posts\/503\/revisions"}],"predecessor-version":[{"id":505,"href":"https:\/\/rafaeladigital.com\/noticias\/wp-json\/wp\/v2\/posts\/503\/revisions\/505"}],"wp:featuredmedia":[{"embeddable":true,"href":"https:\/\/rafaeladigital.com\/noticias\/wp-json\/wp\/v2\/media\/504"}],"wp:attachment":[{"href":"https:\/\/rafaeladigital.com\/noticias\/wp-json\/wp\/v2\/media?parent=503"}],"wp:term":[{"taxonomy":"category","embeddable":true,"href":"https:\/\/rafaeladigital.com\/noticias\/wp-json\/wp\/v2\/categories?post=503"},{"taxonomy":"post_tag","embeddable":true,"href":"https:\/\/rafaeladigital.com\/noticias\/wp-json\/wp\/v2\/tags?post=503"}],"curies":[{"name":"wp","href":"https:\/\/api.w.org\/{rel}","templated":true}]}}