{"id":558,"date":"2023-04-30T11:34:47","date_gmt":"2023-04-30T14:34:47","guid":{"rendered":"https:\/\/rafaeladigital.com\/noticias\/?p=558"},"modified":"2023-04-30T11:38:16","modified_gmt":"2023-04-30T14:38:16","slug":"se-cumplieron-20-anos-de-la-tragica-inundacion-en-santa-fe","status":"publish","type":"post","link":"https:\/\/rafaeladigital.com\/noticias\/se-cumplieron-20-anos-de-la-tragica-inundacion-en-santa-fe\/","title":{"rendered":"Se cumplieron 20 a\u00f1os de la tr\u00e1gica inundaci\u00f3n en Santa Fe"},"content":{"rendered":"\n<p>El 29 de abril de 2003, la ciudad de Santa Fe sufri\u00f3 una de las peores inundaciones de su historia, cuando el r\u00edo Salado se desbord\u00f3 y cubri\u00f3 un tercio de la superficie de la ciudad en menos de cinco horas. La cat\u00e1strofe dej\u00f3 un saldo de 23 muertos y m\u00e1s de 130.000 evacuados, as\u00ed como un centenar de personas fallecidas por causas directas e indirectas relacionadas con el desastre.<\/p>\n\n\n\n<p>A pesar de que en aquel momento se prometi\u00f3 seguridad debido a las obras realizadas, la circunvalaci\u00f3n oeste ubicada sobre un terrapl\u00e9n destinado a frenar el agua del r\u00edo Salado a\u00fan no estaba terminada. Esta situaci\u00f3n fue clave para el inicio de la tragedia, ya que por all\u00ed ingres\u00f3 un r\u00edo entero que en poco tiempo cubri\u00f3 siete metros de agua. Como consecuencia, hubo m\u00e1s de 15.000 viviendas destruidas y la ciudad se sumi\u00f3 en el caos.<\/p>\n\n\n\n<p>Hoy, a 20 a\u00f1os de la inundaci\u00f3n, diferentes grupos de manifestantes se reunieron para honrar la memoria de las v\u00edctimas. Los actos comenzaron el jueves en las plazas y sitios emblem\u00e1ticos de la ciudad, y la marcha se realiz\u00f3 en conmemoraci\u00f3n del D\u00eda de la Memoria y la Solidaridad con el Pueblo Inundado, establecido por ley provincial desde 2020.<\/p>\n\n\n\n<p>En el marco de esta conmemoraci\u00f3n, es importante recordar que la tragedia de Santa Fe fue una \u00abcat\u00e1strofe evitable\u00bb, que tuvo \u00abm\u00faltiples causas y consecuencias ambientales, sociales, pol\u00edticas e identitarias\u00bb, seg\u00fan lo establecido por la ley provincial. Aunque se han realizado diversas obras para prevenir inundaciones en la ciudad, todav\u00eda hay mucho por hacer para garantizar la seguridad de los habitantes de Santa Fe. La circunvalaci\u00f3n oeste, ubicada sobre un terrapl\u00e9n destinado a frenar el agua del r\u00edo Salado, a\u00fan no estaba terminada. Esta situaci\u00f3n fue la que dio inicio a la tr\u00e1gica jornada.<\/p>\n\n\n\n<p>Como homenaje a las v\u00edctimas de la inundaci\u00f3n, cada 29 de abril se estableci\u00f3 como feriado administrativo, y el Ministerio de Educaci\u00f3n incluye la fecha en el calendario escolar. La marcha de este a\u00f1o fue una oportunidad para que los vecinos de Santa Fe se unieran en recuerdo de los que perdieron la vida en la inundaci\u00f3n y para exigir medidas concretas que eviten futuros desastres.<\/p>\n\n\n\n<p>En definitiva, la inundaci\u00f3n de Santa Fe de 2003 fue una tragedia que dej\u00f3 una profunda huella en la ciudad y sus habitantes. A 20 a\u00f1os de aquel fat\u00eddico d\u00eda, es importante recordar lo sucedido para que no se vuelva a repetir y para que se sigan tomando medidas concretas para proteger a la poblaci\u00f3n de futuros desastres naturales.<br><br>La ley provincial plantea que se trat\u00f3 de una \u201ccat\u00e1strofe evitable\u201d que tuvo \u201cm\u00faltiples causas y consecuencias ambientales, sociales, pol\u00edticas e identitarias\u201d. De esa manera, se oficializ\u00f3 la desidia y negligencia que tiempo atr\u00e1s hab\u00edan planteado los estudios de la Universidad del Litoral y los informes de otros organismos.<br><br>Foto: <a href=\"https:\/\/www.airedesantafe.com.ar\/\" target=\"_blank\" rel=\"noopener\">Aire Santa Fe<\/a><\/p>\n","protected":false},"excerpt":{"rendered":"<p>El 29 de abril de 2003, la ciudad de Santa Fe sufri\u00f3 una de las<\/p>\n","protected":false},"author":1,"featured_media":559,"comment_status":"closed","ping_status":"closed","sticky":false,"template":"","format":"standard","meta":{"footnotes":""},"categories":[15,19],"tags":[],"class_list":["post-558","post","type-post","status-publish","format-standard","has-post-thumbnail","hentry","category-efemerides","category-sociedad"],"_links":{"self":[{"href":"https:\/\/rafaeladigital.com\/noticias\/wp-json\/wp\/v2\/posts\/558","targetHints":{"allow":["GET"]}}],"collection":[{"href":"https:\/\/rafaeladigital.com\/noticias\/wp-json\/wp\/v2\/posts"}],"about":[{"href":"https:\/\/rafaeladigital.com\/noticias\/wp-json\/wp\/v2\/types\/post"}],"author":[{"embeddable":true,"href":"https:\/\/rafaeladigital.com\/noticias\/wp-json\/wp\/v2\/users\/1"}],"replies":[{"embeddable":true,"href":"https:\/\/rafaeladigital.com\/noticias\/wp-json\/wp\/v2\/comments?post=558"}],"version-history":[{"count":2,"href":"https:\/\/rafaeladigital.com\/noticias\/wp-json\/wp\/v2\/posts\/558\/revisions"}],"predecessor-version":[{"id":562,"href":"https:\/\/rafaeladigital.com\/noticias\/wp-json\/wp\/v2\/posts\/558\/revisions\/562"}],"wp:featuredmedia":[{"embeddable":true,"href":"https:\/\/rafaeladigital.com\/noticias\/wp-json\/wp\/v2\/media\/559"}],"wp:attachment":[{"href":"https:\/\/rafaeladigital.com\/noticias\/wp-json\/wp\/v2\/media?parent=558"}],"wp:term":[{"taxonomy":"category","embeddable":true,"href":"https:\/\/rafaeladigital.com\/noticias\/wp-json\/wp\/v2\/categories?post=558"},{"taxonomy":"post_tag","embeddable":true,"href":"https:\/\/rafaeladigital.com\/noticias\/wp-json\/wp\/v2\/tags?post=558"}],"curies":[{"name":"wp","href":"https:\/\/api.w.org\/{rel}","templated":true}]}}