{"id":711,"date":"2023-05-11T17:40:46","date_gmt":"2023-05-11T20:40:46","guid":{"rendered":"https:\/\/rafaeladigital.com\/noticias\/?p=711"},"modified":"2023-05-11T17:42:14","modified_gmt":"2023-05-11T20:42:14","slug":"hugo-menossi-recibe-ofrecimiento-para-ser-candidato-a-intendente-de-rafaela","status":"publish","type":"post","link":"https:\/\/rafaeladigital.com\/noticias\/hugo-menossi-recibe-ofrecimiento-para-ser-candidato-a-intendente-de-rafaela\/","title":{"rendered":"Hugo Menossi recibe ofrecimiento para ser candidato a intendente de Rafaela"},"content":{"rendered":"\n<p>En las \u00faltimas horas, ha surgido un rumor en las redes sociales sobre la posible candidatura de Hugo Menossi a intendente de Rafaela. Si bien a\u00fan no se ha confirmado la noticia, se ha generado una gran expectativa en la ciudadan\u00eda.<\/p>\n\n\n\n<h2 class=\"wp-block-heading\">Un ofrecimiento inesperado<\/h2>\n\n\n\n<p>El precandidato a concejal, Delvis Bodoira, ha sido el encargado de invitar y difundir la noticia en sus redes sociales.<\/p>\n\n\n\n<p>Si bien no se ha confirmado la noticia, la posible candidatura de Menossi ha generado un gran revuelo en la ciudad, ya que se trata de una figura muy conocida y respetada en la comunidad.<\/p>\n\n\n\n<h2 class=\"wp-block-heading\">Un rumor que se viraliza en las redes sociales<\/h2>\n\n\n\n<p>Fue Delvis Bodoira quien dio a conocer la noticia en sus redes sociales. Adem\u00e1s, aprovech\u00f3 la ocasi\u00f3n para felicitar a Menossi por su cumplea\u00f1os.<\/p>\n\n\n\n<p>\u201cTe cuento que a Juan Arga\u00f1araz le gustar\u00eda que seas nuestro candidato a intendente (a m\u00ed tambi\u00e9n, ja)\u201d, comienza el posteo. \u201cSolo me pidi\u00f3 2 cosas&#8230; Primero y principal que lo consultes con -el nombre de su pareja- y los chicos (nosotros sabemos lo que conlleva esta decisi\u00f3n) y Segundo, que lo tire en las redes sociales para ver si a los rafaelinos les gusta la idea. Sab\u00e9s que no tenemos un mango para encargar una encuesta como Dios manda (jaja) y si lo tuvi\u00e9ramos no lo gastar\u00edamos en eso&#8230; pero vamos a tratar de viralizar \u00e9sto (la forma m\u00e1s econ\u00f3mica jaja) para ver que opina Rafaela\u201d, complet\u00f3.<\/p>\n\n\n\n<h2 class=\"wp-block-heading\">\u00bfQu\u00e9 opina la gente sobre la posible candidatura de Menossi?<\/h2>\n\n\n\n<p>La noticia de la posible candidatura de Hugo Menossi ha generado una gran expectativa en la ciudadan\u00eda. Muchas personas han expresado su apoyo en las redes sociales, destacando la experiencia y capacidad de Menossi para ocupar el cargo de intendente.<br><br>Foto: <a href=\"https:\/\/www.facebook.com\/delvisbodoira\" target=\"_blank\" rel=\"noreferrer noopener\">Delvis Bodoira<\/a><\/p>\n","protected":false},"excerpt":{"rendered":"<p>En las \u00faltimas horas, ha surgido un rumor en las redes sociales sobre la posible<\/p>\n","protected":false},"author":1,"featured_media":712,"comment_status":"closed","ping_status":"closed","sticky":false,"template":"","format":"standard","meta":{"footnotes":""},"categories":[1,19],"tags":[],"class_list":["post-711","post","type-post","status-publish","format-standard","has-post-thumbnail","hentry","category-politica","category-sociedad"],"_links":{"self":[{"href":"https:\/\/rafaeladigital.com\/noticias\/wp-json\/wp\/v2\/posts\/711","targetHints":{"allow":["GET"]}}],"collection":[{"href":"https:\/\/rafaeladigital.com\/noticias\/wp-json\/wp\/v2\/posts"}],"about":[{"href":"https:\/\/rafaeladigital.com\/noticias\/wp-json\/wp\/v2\/types\/post"}],"author":[{"embeddable":true,"href":"https:\/\/rafaeladigital.com\/noticias\/wp-json\/wp\/v2\/users\/1"}],"replies":[{"embeddable":true,"href":"https:\/\/rafaeladigital.com\/noticias\/wp-json\/wp\/v2\/comments?post=711"}],"version-history":[{"count":2,"href":"https:\/\/rafaeladigital.com\/noticias\/wp-json\/wp\/v2\/posts\/711\/revisions"}],"predecessor-version":[{"id":714,"href":"https:\/\/rafaeladigital.com\/noticias\/wp-json\/wp\/v2\/posts\/711\/revisions\/714"}],"wp:featuredmedia":[{"embeddable":true,"href":"https:\/\/rafaeladigital.com\/noticias\/wp-json\/wp\/v2\/media\/712"}],"wp:attachment":[{"href":"https:\/\/rafaeladigital.com\/noticias\/wp-json\/wp\/v2\/media?parent=711"}],"wp:term":[{"taxonomy":"category","embeddable":true,"href":"https:\/\/rafaeladigital.com\/noticias\/wp-json\/wp\/v2\/categories?post=711"},{"taxonomy":"post_tag","embeddable":true,"href":"https:\/\/rafaeladigital.com\/noticias\/wp-json\/wp\/v2\/tags?post=711"}],"curies":[{"name":"wp","href":"https:\/\/api.w.org\/{rel}","templated":true}]}}