{"id":743,"date":"2023-05-15T21:54:23","date_gmt":"2023-05-16T00:54:23","guid":{"rendered":"https:\/\/rafaeladigital.com\/noticias\/?p=743"},"modified":"2023-05-15T21:56:06","modified_gmt":"2023-05-16T00:56:06","slug":"marcelo-bielsa-fue-confirmado-como-nuevo-tecnico-de-uruguay","status":"publish","type":"post","link":"https:\/\/rafaeladigital.com\/noticias\/marcelo-bielsa-fue-confirmado-como-nuevo-tecnico-de-uruguay\/","title":{"rendered":"Marcelo Bielsa fue confirmado como nuevo t\u00e9cnico de Uruguay"},"content":{"rendered":"\n<p>El reconocido estratega argentino, Marcelo Bielsa, ha sido oficialmente anunciado como el nuevo entrenador de la selecci\u00f3n de Uruguay. La Asociaci\u00f3n Uruguaya de F\u00fatbol (AUF) utiliz\u00f3 sus redes sociales para dar a conocer esta emocionante noticia, compartiendo im\u00e1genes alusivas a Bielsa y un video de bienvenida.<\/p>\n\n\n\n<p>La noticia ha generado gran expectativa y entusiasmo entre los fan\u00e1ticos del f\u00fatbol, tanto en Uruguay como en toda Sudam\u00e9rica. Bielsa, de 67 a\u00f1os, asumir\u00e1 este nuevo desaf\u00edo tras su exitoso paso por el Leeds United de Inglaterra, donde dej\u00f3 una huella imborrable.<\/p>\n\n\n\n<p>Con una amplia trayectoria en el mundo del f\u00fatbol, Marcelo Bielsa ha demostrado ser un t\u00e9cnico de renombre internacional. Su estilo de juego audaz y su enfoque t\u00e1ctico innovador lo han convertido en una figura influyente en el deporte. Anteriormente, ha dirigido a selecciones de la talla de Argentina y Chile, dejando una marca indeleble en ambas.<\/p>\n\n\n\n<p>Despu\u00e9s de su experiencia en Europa, Bielsa regresa a Sudam\u00e9rica para liderar a la selecci\u00f3n uruguaya. Este regreso ha despertado gran expectativa, ya que se espera que su conocimiento y experiencia enriquezcan el f\u00fatbol de la regi\u00f3n.<\/p>\n\n\n\n<p>La llegada de Bielsa a Uruguay era un secreto a voces en el pa\u00eds oriental, pero el anuncio oficial se hizo esperar hasta este lunes. El reconocido periodista Jorge Casales, miembro de la Comisi\u00f3n Ejecutiva de la AUF, hab\u00eda adelantado la noticia la semana pasada, confirmando que Bielsa ya ten\u00eda todo arreglado para asumir el cargo.<\/p>\n\n\n\n<p>Con su vasta experiencia y conocimientos t\u00e1cticos, Bielsa se enfrentar\u00e1 a un nuevo desaf\u00edo al frente de la selecci\u00f3n uruguaya. Su objetivo ser\u00e1 potenciar el rendimiento del equipo y lograr resultados destacados en futuros torneos internacionales.<\/p>\n\n\n\n<p>Se espera que Bielsa implemente su estilo de juego caracter\u00edstico, enfatizando la disciplina t\u00e1ctica y el compromiso de los jugadores en cada partido. Su enfoque exigente pero efectivo ha demostrado ser exitoso en el pasado, y se espera que tenga un impacto positivo en el rendimiento de la selecci\u00f3n uruguaya.<\/p>\n\n\n\n<p>La noticia de la llegada de Bielsa ha generado diversas reacciones y opiniones entre los fan\u00e1ticos y expertos del f\u00fatbol. Muchos elogian la elecci\u00f3n de Bielsa como t\u00e9cnico, destacando su vasta experiencia y su capacidad para potenciar el rendimiento de los equipos que ha dirigido.<\/p>\n\n\n\n<p>Ahora, con Bielsa al frente, se espera que la selecci\u00f3n de Uruguay alcance nuevos logros y contin\u00fae dejando huella en el panorama futbol\u00edstico. Su regreso a Sudam\u00e9rica representa una oportunidad para el f\u00fatbol uruguayo de consolidarse como potencia en la regi\u00f3n.<\/p>\n\n\n\n<p>Foto:  <a href=\"https:\/\/twitter.com\/Uruguay\" target=\"_blank\" rel=\"noreferrer noopener\">twitter.com\/Uruguay<\/a><\/p>\n","protected":false},"excerpt":{"rendered":"<p>El reconocido estratega argentino, Marcelo Bielsa, ha sido oficialmente anunciado como el nuevo entrenador de<\/p>\n","protected":false},"author":1,"featured_media":744,"comment_status":"closed","ping_status":"closed","sticky":false,"template":"","format":"standard","meta":{"footnotes":""},"categories":[13],"tags":[],"class_list":["post-743","post","type-post","status-publish","format-standard","has-post-thumbnail","hentry","category-deporte"],"_links":{"self":[{"href":"https:\/\/rafaeladigital.com\/noticias\/wp-json\/wp\/v2\/posts\/743","targetHints":{"allow":["GET"]}}],"collection":[{"href":"https:\/\/rafaeladigital.com\/noticias\/wp-json\/wp\/v2\/posts"}],"about":[{"href":"https:\/\/rafaeladigital.com\/noticias\/wp-json\/wp\/v2\/types\/post"}],"author":[{"embeddable":true,"href":"https:\/\/rafaeladigital.com\/noticias\/wp-json\/wp\/v2\/users\/1"}],"replies":[{"embeddable":true,"href":"https:\/\/rafaeladigital.com\/noticias\/wp-json\/wp\/v2\/comments?post=743"}],"version-history":[{"count":2,"href":"https:\/\/rafaeladigital.com\/noticias\/wp-json\/wp\/v2\/posts\/743\/revisions"}],"predecessor-version":[{"id":746,"href":"https:\/\/rafaeladigital.com\/noticias\/wp-json\/wp\/v2\/posts\/743\/revisions\/746"}],"wp:featuredmedia":[{"embeddable":true,"href":"https:\/\/rafaeladigital.com\/noticias\/wp-json\/wp\/v2\/media\/744"}],"wp:attachment":[{"href":"https:\/\/rafaeladigital.com\/noticias\/wp-json\/wp\/v2\/media?parent=743"}],"wp:term":[{"taxonomy":"category","embeddable":true,"href":"https:\/\/rafaeladigital.com\/noticias\/wp-json\/wp\/v2\/categories?post=743"},{"taxonomy":"post_tag","embeddable":true,"href":"https:\/\/rafaeladigital.com\/noticias\/wp-json\/wp\/v2\/tags?post=743"}],"curies":[{"name":"wp","href":"https:\/\/api.w.org\/{rel}","templated":true}]}}