{"id":774,"date":"2023-05-17T19:32:01","date_gmt":"2023-05-17T22:32:01","guid":{"rendered":"https:\/\/rafaeladigital.com\/noticias\/?p=774"},"modified":"2023-05-17T19:32:04","modified_gmt":"2023-05-17T22:32:04","slug":"carlitos-padilla-candidato-a-senador-por-el-departamento-castellanos","status":"publish","type":"post","link":"https:\/\/rafaeladigital.com\/noticias\/carlitos-padilla-candidato-a-senador-por-el-departamento-castellanos\/","title":{"rendered":"Carlitos Padilla candidato a Senador por el departamento Castellanos."},"content":{"rendered":"\n<p>En el marco de las pr\u00f3ximas elecciones, el frente \u00abVIVA LA LIBERTAD\u00bb encabezado por el destacado l\u00edder rafaelino, Juan Arga\u00f1araz, presenta una propuesta pol\u00edtica integral que busca representar los valores fundamentales de la vida, la libertad, la familia y la propiedad. Dentro de este espacio, se destaca la figura del reconocido Carlitos Padilla, un destacado humorista y docente de escuelas primarias y secundarias, quien se postular\u00e1 como candidato a senador provincial por el Departamento Castellanos.<\/p>\n\n\n\n<h2 class=\"wp-block-heading\">El candidato del Departamento Castellanos<\/h2>\n\n\n\n<p>Carlitos Padilla, oriundo de la ciudad de Rafaela, ha dejado una huella significativa en la regi\u00f3n a trav\u00e9s de su labor como comediante y humorista. Durante muchos a\u00f1os, junto a sus hermanos, form\u00f3 parte de un grupo art\u00edstico y humor\u00edstico conocido como \u00abGrupo Domino\u00bb. Esta experiencia le permiti\u00f3 recorrer pueblo por pueblo, localidad por localidad, y conectar con las realidades, proyectos y necesidades de la comunidad en el departamento.<\/p>\n\n\n\n<p>La candidatura de Padilla surge como una respuesta a su compromiso con el desarrollo y el bienestar de la regi\u00f3n. A trav\u00e9s de su trayectoria art\u00edstica y su cercan\u00eda con la comunidad, Padilla se ha convertido en un referente local que busca impulsar un cambio positivo desde el \u00e1mbito pol\u00edtico.<\/p>\n\n\n\n<h2 class=\"wp-block-heading\">Trayectoria de Carlos Padilla<\/h2>\n\n\n\n<p>Adem\u00e1s de su faceta como humorista, Carlitos Padilla desempe\u00f1a actualmente su labor como docente en los niveles primarios y secundarios de la educaci\u00f3n p\u00fablica. Su dedicaci\u00f3n y compromiso con la educaci\u00f3n le han valido un reconocimiento especial, siendo el \u00fanico humorista elegido para representar tanto a la ciudad como al departamento, e incluso a la provincia de Santa Fe, en los homenajes y reconocimientos al gran Luis Landriscina.<\/p>\n\n\n\n<p>La trayectoria de Padilla en el \u00e1mbito art\u00edstico y educativo refleja su profundo arraigo en la comunidad y su compromiso con el desarrollo de la regi\u00f3n. Su candidatura al Senado provincial busca ampliar su capacidad de influencia y acci\u00f3n para promover cambios significativos en beneficio de la sociedad.<\/p>\n\n\n\n<h2 class=\"wp-block-heading\">Motivos de su candidatura<\/h2>\n\n\n\n<p>Carlitos Padilla ha expresado que su decisi\u00f3n de postularse como candidato a senador se fundamenta en su deseo de generar un impacto positivo en la regi\u00f3n. Su visi\u00f3n pol\u00edtica est\u00e1 orientada hacia la construcci\u00f3n de un futuro pr\u00f3spero y prometedor para las nuevas generaciones.<\/p>\n\n\n\n<p>Dentro del frente \u00abVIVA LA LIBERTAD\u00bb, Padilla encuentra una plataforma que se alinea con sus valores y principios. La defensa de la vida, la libertad, la familia y la propiedad son elementos fundamentales que considera esenciales para el desarrollo sostenible de la sociedad.<\/p>\n\n\n\n<h2 class=\"wp-block-heading\">El frente \u00abVIVA LA LIBERTAD\u00bb<\/h2>\n\n\n\n<p>El frente \u00abVIVA LA LIBERTAD\u00bb, liderado por Juan Arga\u00f1araz, se presenta como una alternativa pol\u00edtica con una visi\u00f3n clara y coherente. Su propuesta se basa en la defensa de los valores y principios que han forjado la identidad de la regi\u00f3n, priorizando el bienestar de los ciudadanos y promoviendo pol\u00edticas que impulsen el progreso y la prosperidad.<\/p>\n\n\n\n<p>El enfoque del frente \u00abVIVA LA LIBERTAD\u00bb en valores como la vida, la libertad, la familia y la propiedad resuena fuertemente en Carlitos Padilla. Considera que estos son los pilares fundamentales para construir una sociedad justa y equitativa, donde se respeten los derechos individuales y se fomente el crecimiento econ\u00f3mico.<\/p>\n\n\n\n<h2 class=\"wp-block-heading\">Representaci\u00f3n de Luis Landriscina<\/h2>\n\n\n\n<p>La designaci\u00f3n de Carlitos Padilla como representante en homenajes y reconocimientos al gran Luis Landriscina destaca su relevancia y reconocimiento en el \u00e1mbito art\u00edstico y cultural. Padilla se enorgullece de esta responsabilidad, ya que le permite llevar adelante una tarea que va m\u00e1s all\u00e1 del humor y se convierte en un veh\u00edculo para preservar la identidad y las tradiciones de la regi\u00f3n.<\/p>\n\n\n\n<h2 class=\"wp-block-heading\">Compromiso por el futuro<\/h2>\n\n\n\n<p>En su mensaje a la comunidad, Carlitos Padilla expresa su deseo de que las futuras generaciones no tengan que emigrar en busca de oportunidades. Su objetivo es generar herramientas y posibilidades en las econom\u00edas regionales, fortalecer los lazos emocionales de las familias y convertir a Ezeiza en un destino tur\u00edstico, no en una partida hacia un futuro incierto.<\/p>\n\n\n\n<p>El candidato se compromete a trabajar incansablemente para revalorizar la tierra y convertirla en un lugar mejor para nuestros hijos. Su experiencia como docente y su conexi\u00f3n con la realidad de la regi\u00f3n lo impulsan a impulsar pol\u00edticas educativas y econ\u00f3micas que promuevan el crecimiento y el desarrollo en beneficio de todos.<\/p>\n\n\n\n<p>En conclusi\u00f3n, la candidatura de Carlitos Padilla como senador provincial por el Departamento Castellanos dentro del frente \u00abVIVA LA LIBERTAD\u00bb representa una oportunidad para traer una perspectiva fresca y una mirada comprometida a la pol\u00edtica. Su trayectoria art\u00edstica y su vocaci\u00f3n docente le brindan las herramientas necesarias para comprender las necesidades de la comunidad y buscar soluciones efectivas. Con valores arraigados en la vida, la libertad, la familia y la propiedad, Padilla se posiciona como un candidato que busca inspirar y transformar, apostando a un futuro prometedor para todos.<br><\/p>\n","protected":false},"excerpt":{"rendered":"<p>En el marco de las pr\u00f3ximas elecciones, el frente \u00abVIVA LA LIBERTAD\u00bb encabezado por el<\/p>\n","protected":false},"author":1,"featured_media":775,"comment_status":"closed","ping_status":"closed","sticky":false,"template":"","format":"standard","meta":{"footnotes":""},"categories":[1,19],"tags":[],"class_list":["post-774","post","type-post","status-publish","format-standard","has-post-thumbnail","hentry","category-politica","category-sociedad"],"_links":{"self":[{"href":"https:\/\/rafaeladigital.com\/noticias\/wp-json\/wp\/v2\/posts\/774","targetHints":{"allow":["GET"]}}],"collection":[{"href":"https:\/\/rafaeladigital.com\/noticias\/wp-json\/wp\/v2\/posts"}],"about":[{"href":"https:\/\/rafaeladigital.com\/noticias\/wp-json\/wp\/v2\/types\/post"}],"author":[{"embeddable":true,"href":"https:\/\/rafaeladigital.com\/noticias\/wp-json\/wp\/v2\/users\/1"}],"replies":[{"embeddable":true,"href":"https:\/\/rafaeladigital.com\/noticias\/wp-json\/wp\/v2\/comments?post=774"}],"version-history":[{"count":1,"href":"https:\/\/rafaeladigital.com\/noticias\/wp-json\/wp\/v2\/posts\/774\/revisions"}],"predecessor-version":[{"id":776,"href":"https:\/\/rafaeladigital.com\/noticias\/wp-json\/wp\/v2\/posts\/774\/revisions\/776"}],"wp:featuredmedia":[{"embeddable":true,"href":"https:\/\/rafaeladigital.com\/noticias\/wp-json\/wp\/v2\/media\/775"}],"wp:attachment":[{"href":"https:\/\/rafaeladigital.com\/noticias\/wp-json\/wp\/v2\/media?parent=774"}],"wp:term":[{"taxonomy":"category","embeddable":true,"href":"https:\/\/rafaeladigital.com\/noticias\/wp-json\/wp\/v2\/categories?post=774"},{"taxonomy":"post_tag","embeddable":true,"href":"https:\/\/rafaeladigital.com\/noticias\/wp-json\/wp\/v2\/tags?post=774"}],"curies":[{"name":"wp","href":"https:\/\/api.w.org\/{rel}","templated":true}]}}