{"id":803,"date":"2023-05-19T11:37:54","date_gmt":"2023-05-19T14:37:54","guid":{"rendered":"https:\/\/rafaeladigital.com\/noticias\/?p=803"},"modified":"2023-05-19T11:37:59","modified_gmt":"2023-05-19T14:37:59","slug":"dia-de-la-escarapela-por-que-se-celebra-hoy","status":"publish","type":"post","link":"https:\/\/rafaeladigital.com\/noticias\/dia-de-la-escarapela-por-que-se-celebra-hoy\/","title":{"rendered":"D\u00eda de la Escarapela: por qu\u00e9 se celebra hoy"},"content":{"rendered":"\n<p>El D\u00eda de la Escarapela en Argentina es una fecha de gran importancia, en la cual se conmemora la creaci\u00f3n de este s\u00edmbolo patrio. La escarapela, compuesta por los colores celeste y blanco, fue creada por Manuel Belgrano en el a\u00f1o 1812. Aunque existen algunas teor\u00edas sobre su origen, el misterio en torno a la elecci\u00f3n de estos colores persiste hasta hoy.<\/p>\n\n\n\n<h2 class=\"wp-block-heading\">El origen de la escarapela<\/h2>\n\n\n\n<p>Hace m\u00e1s de 200 a\u00f1os, en el contexto del proceso independentista de las Provincias Unidas del R\u00edo de la Plata, Manuel Belgrano fue nombrado jefe del Regimiento de Patricios. En febrero de 1812, mientras vigilaba el r\u00edo Paran\u00e1 desde Rosario para evitar el avance de los realistas de Montevideo, tuvo la idea de crear un distintivo que permitiera identificar a los soldados locales y distinguirlos de los enemigos.<\/p>\n\n\n\n<p>El 13 de febrero de 1812, Belgrano solicit\u00f3 permiso al Triunvirato para crear la escarapela. Cinco d\u00edas despu\u00e9s, su solicitud fue aprobada y naci\u00f3 la insignia de color celeste y blanco. Aunque existen varias teor\u00edas que intentan explicar por qu\u00e9 Belgrano eligi\u00f3 estos colores, no hay documentaci\u00f3n oficial que las respalde, lo que hace que el motivo detr\u00e1s de su elecci\u00f3n siga siendo un misterio.<\/p>\n\n\n\n<p>Con el objetivo de fortalecer la identidad nacional, el 27 de febrero del mismo a\u00f1o, Belgrano cre\u00f3 otro de los s\u00edmbolos patrios al enarbolar la primera bandera argentina. En una comunicaci\u00f3n al Triunvirato, expres\u00f3: \u00abSiendo preciso enarbolar la bandera, y no teni\u00e9ndola, la mand\u00e9 hacer celeste y blanca, conforme a los colores de la escarapela\u00bb.<\/p>\n\n\n\n<h2 class=\"wp-block-heading\">\u00bfPor qu\u00e9 se celebra hoy el D\u00eda de la Escarapela?<\/h2>\n\n\n\n<p>Resulta curioso que la fecha en que se celebra el D\u00eda de la Escarapela en Argentina no coincida con los d\u00edas clave en el surgimiento de este s\u00edmbolo, es decir, ni el 13 ni el 18 de febrero de 1812. En cambio, su origen se remonta a un acontecimiento m\u00e1s reciente y a una celebraci\u00f3n organizada en torno a la escarapela.<\/p>\n\n\n\n<p>El 13 de mayo de 1934, la profesora Carmen Cabrera y los profesores Benito A. Favre y Antonio Ardissono propusieron que el 20 de mayo se celebrara el D\u00eda de la Escarapela. Sin embargo, el Consejo Nacional de Educaci\u00f3n aprob\u00f3 la idea con una peque\u00f1a modificaci\u00f3n, estableciendo la celebraci\u00f3n el d\u00eda 18 de mayo, fecha que coincide con el inicio de la Semana de Mayo.<\/p>\n\n\n\n<p>Esta efem\u00e9ride se incorpor\u00f3 al calendario escolar en 1951 y, desde entonces, se celebra a\u00f1o tras a\u00f1o en cada colegio primario de la Rep\u00fablica Argentina mediante actos conmemorativos.<\/p>\n","protected":false},"excerpt":{"rendered":"<p>El D\u00eda de la Escarapela en Argentina es una fecha de gran importancia, en la<\/p>\n","protected":false},"author":1,"featured_media":804,"comment_status":"closed","ping_status":"closed","sticky":false,"template":"","format":"standard","meta":{"footnotes":""},"categories":[15],"tags":[],"class_list":["post-803","post","type-post","status-publish","format-standard","has-post-thumbnail","hentry","category-efemerides"],"_links":{"self":[{"href":"https:\/\/rafaeladigital.com\/noticias\/wp-json\/wp\/v2\/posts\/803","targetHints":{"allow":["GET"]}}],"collection":[{"href":"https:\/\/rafaeladigital.com\/noticias\/wp-json\/wp\/v2\/posts"}],"about":[{"href":"https:\/\/rafaeladigital.com\/noticias\/wp-json\/wp\/v2\/types\/post"}],"author":[{"embeddable":true,"href":"https:\/\/rafaeladigital.com\/noticias\/wp-json\/wp\/v2\/users\/1"}],"replies":[{"embeddable":true,"href":"https:\/\/rafaeladigital.com\/noticias\/wp-json\/wp\/v2\/comments?post=803"}],"version-history":[{"count":1,"href":"https:\/\/rafaeladigital.com\/noticias\/wp-json\/wp\/v2\/posts\/803\/revisions"}],"predecessor-version":[{"id":805,"href":"https:\/\/rafaeladigital.com\/noticias\/wp-json\/wp\/v2\/posts\/803\/revisions\/805"}],"wp:featuredmedia":[{"embeddable":true,"href":"https:\/\/rafaeladigital.com\/noticias\/wp-json\/wp\/v2\/media\/804"}],"wp:attachment":[{"href":"https:\/\/rafaeladigital.com\/noticias\/wp-json\/wp\/v2\/media?parent=803"}],"wp:term":[{"taxonomy":"category","embeddable":true,"href":"https:\/\/rafaeladigital.com\/noticias\/wp-json\/wp\/v2\/categories?post=803"},{"taxonomy":"post_tag","embeddable":true,"href":"https:\/\/rafaeladigital.com\/noticias\/wp-json\/wp\/v2\/tags?post=803"}],"curies":[{"name":"wp","href":"https:\/\/api.w.org\/{rel}","templated":true}]}}