{"id":918,"date":"2023-05-23T21:38:44","date_gmt":"2023-05-24T00:38:44","guid":{"rendered":"https:\/\/rafaeladigital.com\/noticias\/?p=918"},"modified":"2023-05-23T21:38:49","modified_gmt":"2023-05-24T00:38:49","slug":"el-dt-de-guatemala-denuncio-espionaje-por-parte-de-la-delegacion-argentina","status":"publish","type":"post","link":"https:\/\/rafaeladigital.com\/noticias\/el-dt-de-guatemala-denuncio-espionaje-por-parte-de-la-delegacion-argentina\/","title":{"rendered":"El DT de Guatemala denunci\u00f3 espionaje por parte de la delegaci\u00f3n argentina"},"content":{"rendered":"\n<p>Rafael Loredo reclam\u00f3 por un hecho que habr\u00eda ocurrido durante la jornada inaugural de la Copa del Mundo. Desde el b\u00fanker albiceleste niegan todo: \u201cUna persona de nuestra delegacion se equivoc\u00f3 de vestuario al llegar al estadio. <\/p>\n\n\n\n<p>Nadie sac\u00f3 fotos ni film\u00f3\u201d A 24 horas del partido que protagonizar\u00e1n la selecci\u00f3n argentina y la de Guatemala en el estadio Madre de Ciudades de Santiago del Estero por la segunda jornada del Grupo A del Mundial Sub 20, una fuerte denuncia retumb\u00f3 en la concentraci\u00f3n de ambos planteles.<\/p>\n\n\n\n<iframe width=\"560\" height=\"315\" data-src=\"https:\/\/www.youtube.com\/embed\/Xj9xjfko-Y4\" title=\"YouTube video player\" frameborder=\"0\" allow=\"accelerometer; autoplay; clipboard-write; encrypted-media; gyroscope; picture-in-picture; web-share\" allowfullscreen src=\"data:image\/svg+xml;base64,PHN2ZyB3aWR0aD0iMSIgaGVpZ2h0PSIxIiB4bWxucz0iaHR0cDovL3d3dy53My5vcmcvMjAwMC9zdmciPjwvc3ZnPg==\" class=\"lazyload\" data-load-mode=\"1\"><\/iframe>\n\n\n\n<p>El entrenador del conjunto centroamericano, Rafael Loredo, acus\u00f3 a un integrante de la delegaci\u00f3n argentina de espionaje. \u201cSe meti\u00f3 a grabar todas las hojas que tenemos nosotros. Desde la charla t\u00e9cnica. Parado defensivo, parado ofensivo\u2026 Todo lo grab\u00f3\u201d, dijo en di\u00e1logo con varios periodistas guatemaltecos en la antesala de la \u00faltima pr\u00e1ctica antes de enfrentarse al equipo que dirige Javier Mascherano. <\/p>\n\n\n\n<p>\u201cYo pienso en el Fair Play, que est\u00e1 muy preocupada FIFA por el Fair Play, esto no es juego limpio y yo creo que FIFA se va a encargar de chequearlo. Hay fotos. Es una persona acreditada. Est\u00e1 totalmente identificada\u201d, agreg\u00f3 Loredo en un video que difundi\u00f3 el periodista Edwin Fajardo Rodr\u00edguez en su cuenta de Twitter.<\/p>\n\n\n\n<p>Seg\u00fan pudo saber , la delegaci\u00f3n de Guatemala no elev\u00f3 una denuncia formal ante la FIFA, pero s\u00ed es un tema que est\u00e1 bajo an\u00e1lisis. El hecho se habr\u00eda producido en el inter\u00edn que los jugadores y el resto del staff t\u00e9cnico del combinado representativo de Concacaf sali\u00f3 de uno de los vestuarios del estadio para presenciar la ceremonia inaugural del torneo. \u201cNo hay nada de espionaje. Todo mentira. Una persona de nuestra delegacion se equivoc\u00f3 de vestuario al llegar al estadio y, cuando se dio cuenta, se fue y justo lo vieron salir.<\/p>\n\n\n\n<p>Ni siquiera fue con el equipo en el micro. Pero nadie sac\u00f3 fotos, nadie film\u00f3\u201d, subrayaron desde la comitiva albiceleste. De cara a la segunda presentaci\u00f3n del equipo de Mascherano, el entrenador deber\u00e1 decidir si realizar\u00e1 cambios en el once inicial para rotar a los jugadores -se juega cada 72 horas- y asegurarse que todos lleguen en buena condici\u00f3n f\u00edsica para lo que ser\u00e1 la etapa decisiva del m\u00e1ximo torneo para la categor\u00eda juvenil.<\/p>\n","protected":false},"excerpt":{"rendered":"<p>Rafael Loredo reclam\u00f3 por un hecho que habr\u00eda ocurrido durante la jornada inaugural de la<\/p>\n","protected":false},"author":1,"featured_media":919,"comment_status":"closed","ping_status":"closed","sticky":false,"template":"","format":"standard","meta":{"footnotes":""},"categories":[13],"tags":[],"class_list":["post-918","post","type-post","status-publish","format-standard","has-post-thumbnail","hentry","category-deporte"],"_links":{"self":[{"href":"https:\/\/rafaeladigital.com\/noticias\/wp-json\/wp\/v2\/posts\/918","targetHints":{"allow":["GET"]}}],"collection":[{"href":"https:\/\/rafaeladigital.com\/noticias\/wp-json\/wp\/v2\/posts"}],"about":[{"href":"https:\/\/rafaeladigital.com\/noticias\/wp-json\/wp\/v2\/types\/post"}],"author":[{"embeddable":true,"href":"https:\/\/rafaeladigital.com\/noticias\/wp-json\/wp\/v2\/users\/1"}],"replies":[{"embeddable":true,"href":"https:\/\/rafaeladigital.com\/noticias\/wp-json\/wp\/v2\/comments?post=918"}],"version-history":[{"count":1,"href":"https:\/\/rafaeladigital.com\/noticias\/wp-json\/wp\/v2\/posts\/918\/revisions"}],"predecessor-version":[{"id":920,"href":"https:\/\/rafaeladigital.com\/noticias\/wp-json\/wp\/v2\/posts\/918\/revisions\/920"}],"wp:featuredmedia":[{"embeddable":true,"href":"https:\/\/rafaeladigital.com\/noticias\/wp-json\/wp\/v2\/media\/919"}],"wp:attachment":[{"href":"https:\/\/rafaeladigital.com\/noticias\/wp-json\/wp\/v2\/media?parent=918"}],"wp:term":[{"taxonomy":"category","embeddable":true,"href":"https:\/\/rafaeladigital.com\/noticias\/wp-json\/wp\/v2\/categories?post=918"},{"taxonomy":"post_tag","embeddable":true,"href":"https:\/\/rafaeladigital.com\/noticias\/wp-json\/wp\/v2\/tags?post=918"}],"curies":[{"name":"wp","href":"https:\/\/api.w.org\/{rel}","templated":true}]}}