{"id":925,"date":"2023-05-23T22:21:04","date_gmt":"2023-05-24T01:21:04","guid":{"rendered":"https:\/\/rafaeladigital.com\/noticias\/?p=925"},"modified":"2023-05-23T22:23:18","modified_gmt":"2023-05-24T01:23:18","slug":"mesa-de-trabajo-que-aborda-las-politicas-del-cuidado-en-el-ambiente-de-trabajo","status":"publish","type":"post","link":"https:\/\/rafaeladigital.com\/noticias\/mesa-de-trabajo-que-aborda-las-politicas-del-cuidado-en-el-ambiente-de-trabajo\/","title":{"rendered":"Mesa de trabajo\u00a0que aborda\u00a0las\u00a0pol\u00edticas del\u00a0cuidado en\u00a0el ambiente de trabajo"},"content":{"rendered":"\n<p>En una reuni\u00f3n llevada a cabo en Rafaela, se present\u00f3 una iniciativa para abordar la tem\u00e1tica de g\u00e9nero y generar oportunidades laborales para las mujeres. El encuentro cont\u00f3 con la presencia de funcionarios de la Secretar\u00eda de Producci\u00f3n y representantes de distintos organismos gubernamentales y del sector empresarial.<\/p>\n\n\n\n<p>La reuni\u00f3n tuvo como objetivo principal compartir las acciones que se est\u00e1n llevando a cabo desde Rafaela y la Secretar\u00eda de Producci\u00f3n para promover la perspectiva de g\u00e9nero y fomentar la igualdad de oportunidades en el \u00e1mbito laboral. Se destac\u00f3 la importancia de articular pol\u00edticas a nivel provincial y nacional para lograr un impacto significativo en esta materia.<\/p>\n\n\n\n<p>En primer lugar, se abord\u00f3 la problem\u00e1tica de la brecha de g\u00e9nero en el mercado laboral. Se hizo hincapi\u00e9 en que las mujeres enfrentan mayores dificultades para acceder a empleos y presentan una brecha salarial significativa. Estas desigualdades estructurales requieren de pol\u00edticas con enfoque de g\u00e9nero que promuevan la inclusi\u00f3n y la igualdad de oportunidades.<\/p>\n\n\n\n<p>En este sentido, se resaltaron las pol\u00edticas productivas implementadas por el Gobierno de Omar Perotti en la provincia de Santa Fe, las cuales est\u00e1n orientadas a promover el crecimiento econ\u00f3mico con la participaci\u00f3n activa de las mujeres. Se mencion\u00f3 el nuevo r\u00e9gimen de producci\u00f3n industrial y la asistencia al trabajo industrial como ejemplos de medidas que buscan incorporar a las mujeres en el \u00e1mbito laboral.<\/p>\n\n\n\n<p>Asimismo, se hizo menci\u00f3n al debate que se est\u00e1 llevando a cabo en el Congreso Nacional con respecto a la ampliaci\u00f3n de las licencias por maternidad y paternidad. Se destac\u00f3 la importancia de contar con un marco normativo que promueva la conciliaci\u00f3n entre la vida laboral y familiar, brindando mayores derechos y protecci\u00f3n a las trabajadoras y trabajadores.<\/p>\n\n\n\n<p>Durante la reuni\u00f3n, se subray\u00f3 la necesidad de trabajar de manera articulada entre los diferentes niveles de gobierno y actores sociales. Se hizo especial \u00e9nfasis en el trabajo conjunto entre Rafaela, la provincia de Santa Fe y el Gobierno Nacional para generar oportunidades laborales para las mujeres y promover la igualdad de g\u00e9nero en todos los \u00e1mbitos.<\/p>\n\n\n\n<p>En este contexto, se present\u00f3 el programa \u00abEn Perspectiva\u00bb, el cual busca crear una mesa de di\u00e1logo territorial en la ciudad de Rafaela, con la participaci\u00f3n de actores locales, provinciales y nacionales. El objetivo de este programa es gestionar diferentes programas y medidas que generen oportunidades laborales para las mujeres, promoviendo espacios de cuidado en los lugares de trabajo, como lo establece el art\u00edculo 179 de la ley de Contrato de trabajo.<\/p>\n\n\n\n<p class=\"has-medium-font-size\"><strong>Conclusiones<\/strong><\/p>\n\n\n\n<p>La reuni\u00f3n realizada en Rafaela fue un paso importante en el camino hacia la igualdad de g\u00e9nero y la generaci\u00f3n de oportunidades laborales para las mujeres. Se destac\u00f3 la importancia de implementar pol\u00edticas con enfoque de g\u00e9nero tanto a nivel provincial como nacional, y se resaltaron las acciones que se est\u00e1n llevando a cabo desde la Secretar\u00eda de Producci\u00f3n de Rafaela.<\/p>\n\n\n\n<p>El trabajo articulado entre los diferentes niveles de gobierno, organismos y actores sociales es fundamental para lograr avances significativos en la eliminaci\u00f3n de las desigualdades de g\u00e9nero en el \u00e1mbito laboral. Se presentaron propuestas concretas, como el programa \u00abEn Perspectiva\u00bb, que busca generar espacios de cuidado en los lugares de trabajo y promover la participaci\u00f3n de las mujeres en el \u00e1mbito productivo.<\/p>\n\n\n\n<p>Es alentador ver c\u00f3mo se est\u00e1n implementando medidas para reducir la brecha salarial y fomentar la inclusi\u00f3n laboral de las mujeres en la provincia de Santa Fe. Adem\u00e1s, se mencion\u00f3 el debate en el Congreso Nacional sobre la ampliaci\u00f3n de las licencias por maternidad y paternidad, lo cual demuestra un compromiso por parte de los gobiernos en abordar estas tem\u00e1ticas y garantizar derechos laborales fundamentales.<\/p>\n\n\n\n<p>En resumen, la reuni\u00f3n en Rafaela fue un espacio de reflexi\u00f3n, di\u00e1logo y acci\u00f3n para seguir avanzando hacia una sociedad m\u00e1s igualitaria y justa. El compromiso de todos los actores involucrados es fundamental para lograr cambios duraderos y construir un futuro en el que las oportunidades laborales est\u00e9n al alcance de todas las mujeres.<\/p>\n\n\n\n<p>Fuente: <a href=\"https:\/\/rafaela.gob.ar\/Sitio\/#\/Noticias\/1\/Detalle\/26589\" target=\"_blank\" rel=\"noreferrer noopener\">Municipalidad de Rafaela<\/a><\/p>\n","protected":false},"excerpt":{"rendered":"<p>En una reuni\u00f3n llevada a cabo en Rafaela, se present\u00f3 una iniciativa para abordar la<\/p>\n","protected":false},"author":1,"featured_media":926,"comment_status":"closed","ping_status":"closed","sticky":false,"template":"","format":"standard","meta":{"footnotes":""},"categories":[14,19],"tags":[],"class_list":["post-925","post","type-post","status-publish","format-standard","has-post-thumbnail","hentry","category-cultura-sociedad","category-sociedad"],"_links":{"self":[{"href":"https:\/\/rafaeladigital.com\/noticias\/wp-json\/wp\/v2\/posts\/925","targetHints":{"allow":["GET"]}}],"collection":[{"href":"https:\/\/rafaeladigital.com\/noticias\/wp-json\/wp\/v2\/posts"}],"about":[{"href":"https:\/\/rafaeladigital.com\/noticias\/wp-json\/wp\/v2\/types\/post"}],"author":[{"embeddable":true,"href":"https:\/\/rafaeladigital.com\/noticias\/wp-json\/wp\/v2\/users\/1"}],"replies":[{"embeddable":true,"href":"https:\/\/rafaeladigital.com\/noticias\/wp-json\/wp\/v2\/comments?post=925"}],"version-history":[{"count":2,"href":"https:\/\/rafaeladigital.com\/noticias\/wp-json\/wp\/v2\/posts\/925\/revisions"}],"predecessor-version":[{"id":929,"href":"https:\/\/rafaeladigital.com\/noticias\/wp-json\/wp\/v2\/posts\/925\/revisions\/929"}],"wp:featuredmedia":[{"embeddable":true,"href":"https:\/\/rafaeladigital.com\/noticias\/wp-json\/wp\/v2\/media\/926"}],"wp:attachment":[{"href":"https:\/\/rafaeladigital.com\/noticias\/wp-json\/wp\/v2\/media?parent=925"}],"wp:term":[{"taxonomy":"category","embeddable":true,"href":"https:\/\/rafaeladigital.com\/noticias\/wp-json\/wp\/v2\/categories?post=925"},{"taxonomy":"post_tag","embeddable":true,"href":"https:\/\/rafaeladigital.com\/noticias\/wp-json\/wp\/v2\/tags?post=925"}],"curies":[{"name":"wp","href":"https:\/\/api.w.org\/{rel}","templated":true}]}}