{"id":945,"date":"2023-05-25T19:52:09","date_gmt":"2023-05-25T22:52:09","guid":{"rendered":"https:\/\/rafaeladigital.com\/noticias\/?p=945"},"modified":"2023-05-25T19:55:21","modified_gmt":"2023-05-25T22:55:21","slug":"el-papa-francisco-anuncia-su-esperado-regreso-a-argentina-en-2024","status":"publish","type":"post","link":"https:\/\/rafaeladigital.com\/noticias\/el-papa-francisco-anuncia-su-esperado-regreso-a-argentina-en-2024\/","title":{"rendered":"El Papa Francisco anuncia su esperado regreso a Argentina en 2024"},"content":{"rendered":"\n<p>El Papa Francisco ha confirmado su intenci\u00f3n de visitar Argentina el pr\u00f3ximo a\u00f1o, en una emotiva declaraci\u00f3n durante su participaci\u00f3n en la inauguraci\u00f3n de la nueva sede del CBC de la Universidad de Buenos Aires. El Sumo Pont\u00edfice realiz\u00f3 este anuncio en el marco de las celebraciones por el d\u00e9cimo aniversario del movimiento educativo Scholas Occurrentes.<\/p>\n\n\n\n<p>Durante una videoconferencia con j\u00f3venes de la fundaci\u00f3n, el Papa fue preguntado acerca de la posibilidad de viajar a su pa\u00eds natal en 2024, tal como hab\u00eda adelantado el diario Clar\u00edn. Con una sonrisa en su rostro, el Papa respondi\u00f3 de manera breve pero significativa: \u00abLa idea es el a\u00f1o que viene, vamos a ver si se puede\u00bb. Sus palabras fueron recibidas con aplausos y alegr\u00eda por parte de los presentes.<\/p>\n\n\n\n<p>Minutos antes, el Sumo Pont\u00edfice hab\u00eda recibido una pregunta de una joven residente del Barrio 31 de Retiro, lugar donde se inaugur\u00f3 la nueva sede de la Universidad de Buenos Aires. La consulta se centr\u00f3 en c\u00f3mo la experiencia educativa de Scholas Occurrentes, nacida en Argentina, podr\u00eda expandirse a nivel mundial. El Papa respondi\u00f3 con una pizca de humor, afirmando que todo se trata de tener punter\u00eda y de acompa\u00f1ar a las personas en sus problemas para encontrar soluciones. Destac\u00f3 que el \u00e9xito de Scholas Occurrentes radica en su gratuidad y en su compromiso sincero con el coraz\u00f3n.<\/p>\n\n\n\n<blockquote class=\"twitter-tweet\"><p lang=\"es\" dir=\"ltr\">El Papa Francisco revel\u00f3 que desea viajar en 2024 a su pa\u00eds natal Argentina, que no visita desde que fue elegido jefe de la Iglesia cat\u00f3lica hace 10 a\u00f1os. <br><br>\u201cQuiero ir al pa\u00eds el a\u00f1o pr\u00f3ximo\u201d, dijo al diario La Naci\u00f3n de Buenos Aires en una entrevista publicada el domingo. <a href=\"https:\/\/t.co\/UdtRvnDNDz\">pic.twitter.com\/UdtRvnDNDz<\/a><\/p>&mdash; NM\u00e1s (@nmas) <a href=\"https:\/\/twitter.com\/nmas\/status\/1661752733794471941?ref_src=twsrc%5Etfw\" target=\"_blank\" rel=\"noopener\">May 25, 2023<\/a><\/blockquote> <script async src=\"https:\/\/platform.twitter.com\/widgets.js\" charset=\"utf-8\"><\/script>\n\n\n\n<p>El anuncio de la visita del Papa Francisco a Argentina en 2024 marca un momento trascendental para el pa\u00eds y para toda la regi\u00f3n. Ser\u00e1 la primera vez que Jorge Bergoglio, quien se convirti\u00f3 en Francisco tras ser ungido como Papa, regrese a su tierra natal desde que asumi\u00f3 su pontificado hace 11 a\u00f1os. Aunque el itinerario oficial a\u00fan no ha sido confirmado por el Vaticano, se espera que el viaje incluya varias ciudades de Argentina, Brasil y Uruguay. Una posible fecha para la visita ser\u00eda despu\u00e9s de Semana Santa.<\/p>\n\n\n\n<p>La Santa Sede ha comenzado recientemente los preparativos para el esperado viaje del Papa a Argentina. Adem\u00e1s de Uruguay, como se hab\u00eda previsto anteriormente, el itinerario ahora tambi\u00e9n incluir\u00e1 el sur de Brasil, con paradas en San Pablo y en el cercano santuario de la Virgen de Aparecida. Fuentes cercanas al Vaticano han confirmado que se est\u00e1 trabajando en los detalles del programa y que se espera que el anuncio oficial se realice antes de que finalice el a\u00f1o.<\/p>\n\n\n\n<p>Cabe destacar que esta no es la primera vez que se planifica una visita del Papa Francisco a Argentina. En declaraciones previas, el Pont\u00edfice revel\u00f3 que se hab\u00eda proyectado su visita para finales de 2017, siguiendo los pasos de su predecesor, Juan Pablo II, quien visit\u00f3 el pa\u00eds en 1987. Sin embargo, debido a las elecciones que se llevaron a cabo en Chile en ese momento, el viaje se pospuso y finalmente se realiz\u00f3 a ese pa\u00eds y a Per\u00fa.<\/p>\n\n\n\n<p>Es importante mencionar que la visita del Papa Francisco a Argentina ha generado cierta controversia en los \u00faltimos a\u00f1os. La secretar\u00eda de Estado del Vaticano hab\u00eda aconsejado al Papa no viajar a Buenos Aires debido a la polarizaci\u00f3n pol\u00edtica existente y al temor de que su presencia pudiera avivar a\u00fan m\u00e1s las divisiones en el pa\u00eds. Sin embargo, en los \u00faltimos meses, el Papa ha expresado de manera clara su deseo de visitar Argentina y ha tomado medidas para desligarse de cualquier afiliaci\u00f3n pol\u00edtica, buscando promover la unidad entre sus compatriotas.<\/p>\n\n\n\n<p>En enero de este a\u00f1o, durante una entrevista con una agencia de noticias estadounidense, el Papa manifest\u00f3 su preocupaci\u00f3n por la pobreza generalizada y la alta inflaci\u00f3n en Argentina, atribuyendo estas problem\u00e1ticas a \u00abmalas administraciones\u00bb. Asimismo, en un mensaje dirigido a un encuentro sobre la situaci\u00f3n de los menores, denunci\u00f3 la alarmante magnitud de la pobreza infantil en el pa\u00eds.<\/p>\n\n\n\n<p>La confirmaci\u00f3n de la visita del Papa Francisco a Argentina en 2024 representa un acontecimiento de gran importancia para la naci\u00f3n y para los fieles cat\u00f3licos. Se espera que este viaje fortalezca los lazos de solidaridad y colaboraci\u00f3n entre el Sumo Pont\u00edfice y su pa\u00eds natal, as\u00ed como tambi\u00e9n permita la difusi\u00f3n de los valores promovidos por Scholas Occurrentes a nivel mundial.<\/p>\n\n\n\n<p>En conclusi\u00f3n, el Papa Francisco ha confirmado su intenci\u00f3n de visitar Argentina el pr\u00f3ximo a\u00f1o, lo que generar\u00e1 expectativas y alegr\u00eda en todo el pa\u00eds. Ser\u00e1 un momento hist\u00f3rico en el que el Sumo Pont\u00edfice regresar\u00e1 a su tierra natal despu\u00e9s de m\u00e1s de una d\u00e9cada de papado. La visita promete ser un momento de encuentro, reflexi\u00f3n y esperanza para los argentinos y para toda la regi\u00f3n. \u00a1Un evento que nadie querr\u00e1 perderse!<br><br>Foto : <a href=\"https:\/\/twitter.com\/nmas\/status\/1661752733794471941\" target=\"_blank\" rel=\"noreferrer noopener\">Twitter<\/a><\/p>\n","protected":false},"excerpt":{"rendered":"<p>El Papa Francisco ha confirmado su intenci\u00f3n de visitar Argentina el pr\u00f3ximo a\u00f1o, en una<\/p>\n","protected":false},"author":1,"featured_media":948,"comment_status":"closed","ping_status":"closed","sticky":false,"template":"","format":"standard","meta":{"footnotes":""},"categories":[20,14],"tags":[],"class_list":["post-945","post","type-post","status-publish","format-standard","has-post-thumbnail","hentry","category-argentina","category-cultura-sociedad"],"_links":{"self":[{"href":"https:\/\/rafaeladigital.com\/noticias\/wp-json\/wp\/v2\/posts\/945","targetHints":{"allow":["GET"]}}],"collection":[{"href":"https:\/\/rafaeladigital.com\/noticias\/wp-json\/wp\/v2\/posts"}],"about":[{"href":"https:\/\/rafaeladigital.com\/noticias\/wp-json\/wp\/v2\/types\/post"}],"author":[{"embeddable":true,"href":"https:\/\/rafaeladigital.com\/noticias\/wp-json\/wp\/v2\/users\/1"}],"replies":[{"embeddable":true,"href":"https:\/\/rafaeladigital.com\/noticias\/wp-json\/wp\/v2\/comments?post=945"}],"version-history":[{"count":2,"href":"https:\/\/rafaeladigital.com\/noticias\/wp-json\/wp\/v2\/posts\/945\/revisions"}],"predecessor-version":[{"id":949,"href":"https:\/\/rafaeladigital.com\/noticias\/wp-json\/wp\/v2\/posts\/945\/revisions\/949"}],"wp:featuredmedia":[{"embeddable":true,"href":"https:\/\/rafaeladigital.com\/noticias\/wp-json\/wp\/v2\/media\/948"}],"wp:attachment":[{"href":"https:\/\/rafaeladigital.com\/noticias\/wp-json\/wp\/v2\/media?parent=945"}],"wp:term":[{"taxonomy":"category","embeddable":true,"href":"https:\/\/rafaeladigital.com\/noticias\/wp-json\/wp\/v2\/categories?post=945"},{"taxonomy":"post_tag","embeddable":true,"href":"https:\/\/rafaeladigital.com\/noticias\/wp-json\/wp\/v2\/tags?post=945"}],"curies":[{"name":"wp","href":"https:\/\/api.w.org\/{rel}","templated":true}]}}